{"id":1272,"date":"2018-05-03T22:46:58","date_gmt":"2018-05-03T20:46:58","guid":{"rendered":"https:\/\/lunioncycliste31.fr\/?p=1272"},"modified":"2018-05-03T22:46:58","modified_gmt":"2018-05-03T20:46:58","slug":"la-ronde-castraise-29-04-2018","status":"publish","type":"post","link":"https:\/\/www.lunioncycliste31.fr\/index.php\/2018\/05\/03\/la-ronde-castraise-29-04-2018\/","title":{"rendered":"La Ronde Castraise 29\/04\/2018"},"content":{"rendered":"<p>Ce dernier dimanche d&rsquo;avril c&rsquo;est comme de coutume la ronde Castraise. La m\u00e9t\u00e9o est aussi \u00e0 l&rsquo;images des autres ann\u00e9es tr\u00e8s peu avenante. La pluie, voir l&rsquo;orage sont annonc\u00e9s en fin de matin\u00e9e. Cela va refroidir les ardeurs de certains.<\/p>\n<p>Au d\u00e9part de la Sidobre ils sont 5, Christophe s&rsquo;est positionn\u00e9 dans les premiers rangs sur la ligne de d\u00e9part, Julien un peu plus loin. Jean-Olivier, Fabrice et David sont dans le fond, en bons \u00e9l\u00e8ves&#8230; Mais il n&rsquo;y a pas de radiateur pour r\u00e9chauffer la fra\u00eecheur matinale. Alors nos 3 comp\u00e8res vont partir \u00e0 fond pour remonter le peloton. Jean-Olivier est \u00e0 une cinquantaine de m\u00e8tres des premiers en haut de la premi\u00e8re bosse. Il y a doubl\u00e9 Christophe en l&rsquo;encourageant. David et Fabrice double Christophe peu apr\u00e8s.<\/p>\n<p>Dans la descente Jean-Olivier recolle aux premiers, il sautera dans la longue bosse suivante \u00e0 2 kms du sommet. Il se retrouve \u00e0 4 puis 6 avec la premi\u00e8re f\u00e9minine. Les groupes se forment, David et Fabrice sont dans le groupe juste derri\u00e8re. Julien cr\u00e8ve et se retrouve dans le peloton suivant. Christophe lui est en chasse patate entre les groupes tant\u00f4t devant dans les descentes, tant\u00f4t derri\u00e8re&#8230; Il sera rattrap\u00e9 par les crampes et la pluie \u00e0 Vabre.<\/p>\n<p>Devant Jean-Olivier se retrouve dans un groupe de 4 pour la 16\u00e8me place \u00e0 8m 47 du premier. Il finira 17\u00e8me \u00e0 une seconde du 16\u00e8me qui est dans sa cat\u00e9gorie emp\u00eachant Jean-Olivier de monter sur le podium.<\/p>\n<p>Derri\u00e8re Fabrice et David finissent dans le m\u00eame paquet, David 53 \u00e8me \u00e0 21 minutes et Fabrice 58\u00e8me \u00e0 22 minutes. Julien est un peu plus loin \u00e0 32 minutes et Christophe 137 \u00e8me \u00e0 40 minutes.<\/p>\n<p>Sur la Castraise ils sont 4 Mathieu, Olivier, Michel et Alain et ils finissent dans cet ordre. Matthieu et Olivier arrivent ensemble 103 et 104 \u00e8me \u00e0 51 minutes du premier. Michel est \u00e0 peine plus loin 123 \u00e8me \u00e0 55 min. Alain fini 196 \u00e8me \u00e0 1h 32.<\/p>\n<p>Bravo les gars pour votre courage, les premiers ont \u00e9vit\u00e9 de tr\u00e8s peu la pluie, les autres&#8230;<img loading=\"lazy\" decoding=\"async\" src=\"https:\/\/lunioncycliste31.fr\/wp-content\/uploads\/2018\/05\/9pnrIJbHxcz9ayln-sYCaadCsu5KxgoK55f9XRVxM48-1536x2048-768x1024.jpg\" alt=\"\" width=\"750\" height=\"1000\" class=\"aligncenter size-large wp-image-1274\" srcset=\"https:\/\/www.lunioncycliste31.fr\/wp-content\/uploads\/2018\/05\/9pnrIJbHxcz9ayln-sYCaadCsu5KxgoK55f9XRVxM48-1536x2048-768x1024.jpg 768w, https:\/\/www.lunioncycliste31.fr\/wp-content\/uploads\/2018\/05\/9pnrIJbHxcz9ayln-sYCaadCsu5KxgoK55f9XRVxM48-1536x2048-225x300.jpg 225w, https:\/\/www.lunioncycliste31.fr\/wp-content\/uploads\/2018\/05\/9pnrIJbHxcz9ayln-sYCaadCsu5KxgoK55f9XRVxM48-1536x2048.jpg 1536w\" sizes=\"auto, (max-width: 750px) 100vw, 750px\" \/> <img loading=\"lazy\" decoding=\"async\" src=\"https:\/\/lunioncycliste31.fr\/wp-content\/uploads\/2018\/05\/ODLkgU1CF_2aiMFkd4dqFZD6C0cWGl5PCIHw6btAt6k-1536x2048-768x1024.jpg\" alt=\"\" width=\"750\" height=\"1000\" class=\"aligncenter size-large wp-image-1275\" srcset=\"https:\/\/www.lunioncycliste31.fr\/wp-content\/uploads\/2018\/05\/ODLkgU1CF_2aiMFkd4dqFZD6C0cWGl5PCIHw6btAt6k-1536x2048-768x1024.jpg 768w, https:\/\/www.lunioncycliste31.fr\/wp-content\/uploads\/2018\/05\/ODLkgU1CF_2aiMFkd4dqFZD6C0cWGl5PCIHw6btAt6k-1536x2048-225x300.jpg 225w, https:\/\/www.lunioncycliste31.fr\/wp-content\/uploads\/2018\/05\/ODLkgU1CF_2aiMFkd4dqFZD6C0cWGl5PCIHw6btAt6k-1536x2048.jpg 1536w\" sizes=\"auto, (max-width: 750px) 100vw, 750px\" \/><\/p>\n<p>&nbsp;<\/p>\n<p>&nbsp;<\/p>\n","protected":false},"excerpt":{"rendered":"<p>Ce dernier dimanche d&rsquo;avril c&rsquo;est comme de coutume la ronde Castraise. La m\u00e9t\u00e9o est aussi \u00e0 l&rsquo;images des autres ann\u00e9es tr\u00e8s peu avenante. La pluie, voir l&rsquo;orage sont annonc\u00e9s en [&hellip;]<\/p>\n","protected":false},"author":1,"featured_media":1275,"comment_status":"open","ping_status":"open","sticky":false,"template":"","format":"standard","meta":{"footnotes":""},"categories":[12,41],"tags":[],"class_list":["post-1272","post","type-post","status-publish","format-standard","has-post-thumbnail","hentry","category-cyclosportive","category-cyclosportives-2018"],"_links":{"self":[{"href":"https:\/\/www.lunioncycliste31.fr\/index.php\/wp-json\/wp\/v2\/posts\/1272","targetHints":{"allow":["GET"]}}],"collection":[{"href":"https:\/\/www.lunioncycliste31.fr\/index.php\/wp-json\/wp\/v2\/posts"}],"about":[{"href":"https:\/\/www.lunioncycliste31.fr\/index.php\/wp-json\/wp\/v2\/types\/post"}],"author":[{"embeddable":true,"href":"https:\/\/www.lunioncycliste31.fr\/index.php\/wp-json\/wp\/v2\/users\/1"}],"replies":[{"embeddable":true,"href":"https:\/\/www.lunioncycliste31.fr\/index.php\/wp-json\/wp\/v2\/comments?post=1272"}],"version-history":[{"count":2,"href":"https:\/\/www.lunioncycliste31.fr\/index.php\/wp-json\/wp\/v2\/posts\/1272\/revisions"}],"predecessor-version":[{"id":1276,"href":"https:\/\/www.lunioncycliste31.fr\/index.php\/wp-json\/wp\/v2\/posts\/1272\/revisions\/1276"}],"wp:featuredmedia":[{"embeddable":true,"href":"https:\/\/www.lunioncycliste31.fr\/index.php\/wp-json\/wp\/v2\/media\/1275"}],"wp:attachment":[{"href":"https:\/\/www.lunioncycliste31.fr\/index.php\/wp-json\/wp\/v2\/media?parent=1272"}],"wp:term":[{"taxonomy":"category","embeddable":true,"href":"https:\/\/www.lunioncycliste31.fr\/index.php\/wp-json\/wp\/v2\/categories?post=1272"},{"taxonomy":"post_tag","embeddable":true,"href":"https:\/\/www.lunioncycliste31.fr\/index.php\/wp-json\/wp\/v2\/tags?post=1272"}],"curies":[{"name":"wp","href":"https:\/\/api.w.org\/{rel}","templated":true}]}}