{"id":1298,"date":"2018-06-03T20:18:13","date_gmt":"2018-06-03T18:18:13","guid":{"rendered":"https:\/\/lunioncycliste31.fr\/?p=1298"},"modified":"2018-06-03T20:18:13","modified_gmt":"2018-06-03T18:18:13","slug":"sortie-du-3-06-2018","status":"publish","type":"post","link":"https:\/\/www.lunioncycliste31.fr\/index.php\/2018\/06\/03\/sortie-du-3-06-2018\/","title":{"rendered":"Sortie du 3\/06\/2018"},"content":{"rendered":"<p>Une belle sortie ce matin ! Michel nous avait r\u00e9serv\u00e9 un parcours aux petits oignons.<\/p>\n<p>Au programme 106 kilom\u00e8tres plein est, \u00e7a tombe bien la m\u00e9t\u00e9o a pr\u00e9vu du vent d&rsquo;autan pour la fin de matin\u00e9e. C&rsquo;est parti vers l&rsquo;est ! Nous retrouvons au rond point de Lapeyrouse Fossat la seconde partie du peloton. Nous voil\u00e0 14 pour traverser Castelmaurou direction la vall\u00e9e du Girou jusqu&rsquo;\u00e0 Montcabrier. Le peloton devise, \u00e0 une allure plut\u00f4t dynamique. Il y a un champion et un vice-champion d\u00e9partemental\u00a0\u00a0fra\u00eechement titr\u00e9 dans le peloton, il faut assumer&#8230;<\/p>\n<p>Pass\u00e9 Montcabrier nous sommes dans la campagne profonde, Lacougotte Cadoul arrive tr\u00e8s vite et Dominique N et les 2 Alain prennent la tangente pour arriver \u00e0 l&rsquo;heure \u00e0 leurs rendez-vous respectifs.<\/p>\n<p>Les routes sont superbes, la temp\u00e9rature agr\u00e9able et les paysages ondulent de chaque c\u00f4t\u00e9 de la ligne de cr\u00eate que l&rsquo;on emprunte en direction de Saint Paul Cap de Joux. Les c\u00f4tes sont men\u00e9es \u00e0 bon train et le peloton reprend forme rapidement en attendant la difficult\u00e9 suivante.<\/p>\n<p>Apr\u00e8s Teyssode l&rsquo;avant-garde du peloton fait une pause en attendant le retour de Michel et de ses \u00e9quipiers occup\u00e9s \u00e0 la r\u00e9paration d&rsquo;une crevaison.<\/p>\n<p>Le retour est anim\u00e9, mais l&rsquo;ambiance toujours excellente. Thierry, \u00e0 la recherche du temps perdu b\u00e9n\u00e9ficie par moment de l&rsquo;aide de ses camarades pour rester dans les roues.<\/p>\n<p>Sur la route des cr\u00eates en direction de Montastruc, Aur\u00e9lien dynamite le groupe a plusieurs reprises mais le peloton ne se laisse pas faire. Et tel un paquebot lanc\u00e9, il revient r\u00e9guli\u00e8rement \u00e0 une allure \u00e9lev\u00e9e, le vent s&rsquo;est lev\u00e9 !<\/p>\n<p>Apr\u00e8s Montastruc la route est gravillonn\u00e9e, m\u00e9fiance pour le championnat r\u00e9gional dans 15 jours.<\/p>\n<p>Tout le monde rentrera group\u00e9 et traversera Lapeyrouse \u00e0 la recherche d&rsquo;une tarte au fraise que l&rsquo;on ne trouvera pas.<\/p>\n<p>Une belle sortie, les cuisses tirent un peu mais tout le monde \u00e9tait ravi du parcours et de l&rsquo;ambiance. Vivement la prochaine sortie club.<\/p>\n<p>PS : pas de photo, on a pas eu le temps &#8230;<\/p>\n","protected":false},"excerpt":{"rendered":"<p>Une belle sortie ce matin ! Michel nous avait r\u00e9serv\u00e9 un parcours aux petits oignons. Au programme 106 kilom\u00e8tres plein est, \u00e7a tombe bien la m\u00e9t\u00e9o a pr\u00e9vu du vent [&hellip;]<\/p>\n","protected":false},"author":1,"featured_media":56,"comment_status":"open","ping_status":"open","sticky":false,"template":"","format":"standard","meta":{"footnotes":""},"categories":[20,38],"tags":[],"class_list":["post-1298","post","type-post","status-publish","format-standard","has-post-thumbnail","hentry","category-vie-du-club","category-vie-du-club-2018"],"_links":{"self":[{"href":"https:\/\/www.lunioncycliste31.fr\/index.php\/wp-json\/wp\/v2\/posts\/1298","targetHints":{"allow":["GET"]}}],"collection":[{"href":"https:\/\/www.lunioncycliste31.fr\/index.php\/wp-json\/wp\/v2\/posts"}],"about":[{"href":"https:\/\/www.lunioncycliste31.fr\/index.php\/wp-json\/wp\/v2\/types\/post"}],"author":[{"embeddable":true,"href":"https:\/\/www.lunioncycliste31.fr\/index.php\/wp-json\/wp\/v2\/users\/1"}],"replies":[{"embeddable":true,"href":"https:\/\/www.lunioncycliste31.fr\/index.php\/wp-json\/wp\/v2\/comments?post=1298"}],"version-history":[{"count":1,"href":"https:\/\/www.lunioncycliste31.fr\/index.php\/wp-json\/wp\/v2\/posts\/1298\/revisions"}],"predecessor-version":[{"id":1299,"href":"https:\/\/www.lunioncycliste31.fr\/index.php\/wp-json\/wp\/v2\/posts\/1298\/revisions\/1299"}],"wp:featuredmedia":[{"embeddable":true,"href":"https:\/\/www.lunioncycliste31.fr\/index.php\/wp-json\/wp\/v2\/media\/56"}],"wp:attachment":[{"href":"https:\/\/www.lunioncycliste31.fr\/index.php\/wp-json\/wp\/v2\/media?parent=1298"}],"wp:term":[{"taxonomy":"category","embeddable":true,"href":"https:\/\/www.lunioncycliste31.fr\/index.php\/wp-json\/wp\/v2\/categories?post=1298"},{"taxonomy":"post_tag","embeddable":true,"href":"https:\/\/www.lunioncycliste31.fr\/index.php\/wp-json\/wp\/v2\/tags?post=1298"}],"curies":[{"name":"wp","href":"https:\/\/api.w.org\/{rel}","templated":true}]}}