{"id":1313,"date":"2018-06-09T17:15:33","date_gmt":"2018-06-09T15:15:33","guid":{"rendered":"https:\/\/lunioncycliste31.fr\/?p=1313"},"modified":"2018-06-10T18:50:36","modified_gmt":"2018-06-10T16:50:36","slug":"boo-silhen-jour-3","status":"publish","type":"post","link":"https:\/\/www.lunioncycliste31.fr\/index.php\/2018\/06\/09\/boo-silhen-jour-3\/","title":{"rendered":"B\u00f4o-Silhen jour 3"},"content":{"rendered":"<p>Aujourd&rsquo;hui les nuages sont majoritaires dans le ciel de B\u00f4o-Silhen. Nos 8 coureurs, et oui Eric B. et Dominique sont arriv\u00e9s hier soir.\u00a0Le programme du jour c&rsquo;est le port de Boucharo, en fait c&rsquo;est assez simple une c\u00f4te de 51 km pour atteindre une altitude de 2200 m\u00e8tres.<\/p>\n<p><img loading=\"lazy\" decoding=\"async\" src=\"https:\/\/lunioncycliste31.fr\/wp-content\/uploads\/2018\/06\/20180609_075428-1024x576.jpg\" alt=\"\" width=\"750\" height=\"422\" class=\"aligncenter size-large wp-image-1340\" srcset=\"https:\/\/www.lunioncycliste31.fr\/wp-content\/uploads\/2018\/06\/20180609_075428-1024x576.jpg 1024w, https:\/\/www.lunioncycliste31.fr\/wp-content\/uploads\/2018\/06\/20180609_075428-300x169.jpg 300w, https:\/\/www.lunioncycliste31.fr\/wp-content\/uploads\/2018\/06\/20180609_075428-768x432.jpg 768w, https:\/\/www.lunioncycliste31.fr\/wp-content\/uploads\/2018\/06\/20180609_075428.jpg 2048w\" sizes=\"auto, (max-width: 750px) 100vw, 750px\" \/> <img loading=\"lazy\" decoding=\"async\" src=\"https:\/\/lunioncycliste31.fr\/wp-content\/uploads\/2018\/06\/20180609_084005-e1528649303380-1024x768.jpg\" alt=\"\" width=\"750\" height=\"563\" class=\"aligncenter size-large wp-image-1341\" srcset=\"https:\/\/www.lunioncycliste31.fr\/wp-content\/uploads\/2018\/06\/20180609_084005-e1528649303380-1024x768.jpg 1024w, https:\/\/www.lunioncycliste31.fr\/wp-content\/uploads\/2018\/06\/20180609_084005-e1528649303380-300x225.jpg 300w, https:\/\/www.lunioncycliste31.fr\/wp-content\/uploads\/2018\/06\/20180609_084005-e1528649303380-768x576.jpg 768w, https:\/\/www.lunioncycliste31.fr\/wp-content\/uploads\/2018\/06\/20180609_084005-e1528649303380.jpg 2048w\" sizes=\"auto, (max-width: 750px) 100vw, 750px\" \/><\/p>\n<p>Sur la piste cyclable les 2 nouveaux \u00e9quipiers prennent la t\u00eate des op\u00e9rations. Pass\u00e9 Pierreffite-Nestalas Eric B. et Dominique se relaient, Alain M. dans la roue, ils distancent les 5 autres sur les premi\u00e8res rampes. Michel et Alain D. ne sont pas au top de leur forme. Alain M. lui est transcend\u00e9 par l&rsquo;ingestion de jambon de pays et d&rsquo;oeuf au petit d\u00e9jeuner. Notre petite \u00e9quipe se regroupe avant Luz \u00e0 la bifurcation vers Grust.<\/p>\n<p>Dans le d\u00e9but de l&rsquo;ascension vers Gavarnie Alain M. est toujours en t\u00eate, mais d&rsquo;o\u00f9 venait ce cochon ? Avant G\u00e8dre\u00a0 la pluie appara\u00eet dans le fond de la gorge du gave de Gavarnie. Ca s&rsquo;inqui\u00e8te dans le peloton, il est maintenant s\u00fbr que nos camarades vont prendre la pluie. Et effectivement il faut rapidement s&rsquo;arr\u00eater b\u00e2cher. Michel, l&rsquo;estomac perturb\u00e9, et Alain D. d\u00e9cident de faire demi-tour. Les 6 autres repartent, Gavarnie est le prochain objectif. Finalement le rideau de pluie n&rsquo;est pas si \u00e9pais et la pluie s&rsquo;arr\u00eate assez vite, et les sommets s&rsquo;\u00e9clairent avec quelques rayons de soleil. Le petit paquet double nos voisins de gite, les coureurs du Stade Toulousain. Alain et Eric restent discuter quelques minutes avec notre ami Henri. Les 4 autres ne rel\u00e2chent pas leurs efforts et arrivent sous le soleil \u00e0 Gavarnie. Le village est en pleine effervescence, il y a un trail et la montagne est pleine de petits points color\u00e9s qui courent sur les sentiers \u00e0 flan de montagne.<img loading=\"lazy\" decoding=\"async\" src=\"https:\/\/lunioncycliste31.fr\/wp-content\/uploads\/2018\/06\/20180609_105412-1024x576.jpg\" alt=\"\" width=\"750\" height=\"422\" class=\"aligncenter size-large wp-image-1342\" srcset=\"https:\/\/www.lunioncycliste31.fr\/wp-content\/uploads\/2018\/06\/20180609_105412-1024x576.jpg 1024w, https:\/\/www.lunioncycliste31.fr\/wp-content\/uploads\/2018\/06\/20180609_105412-300x169.jpg 300w, https:\/\/www.lunioncycliste31.fr\/wp-content\/uploads\/2018\/06\/20180609_105412-768x432.jpg 768w, https:\/\/www.lunioncycliste31.fr\/wp-content\/uploads\/2018\/06\/20180609_105412.jpg 2048w\" sizes=\"auto, (max-width: 750px) 100vw, 750px\" \/> <img loading=\"lazy\" decoding=\"async\" src=\"https:\/\/lunioncycliste31.fr\/wp-content\/uploads\/2018\/06\/20180609_105440-1024x576.jpg\" alt=\"\" width=\"750\" height=\"422\" class=\"aligncenter size-large wp-image-1346\" srcset=\"https:\/\/www.lunioncycliste31.fr\/wp-content\/uploads\/2018\/06\/20180609_105440-1024x576.jpg 1024w, https:\/\/www.lunioncycliste31.fr\/wp-content\/uploads\/2018\/06\/20180609_105440-300x169.jpg 300w, https:\/\/www.lunioncycliste31.fr\/wp-content\/uploads\/2018\/06\/20180609_105440-768x432.jpg 768w, https:\/\/www.lunioncycliste31.fr\/wp-content\/uploads\/2018\/06\/20180609_105440.jpg 2048w\" sizes=\"auto, (max-width: 750px) 100vw, 750px\" \/><\/p>\n<p>Une fois les impers rang\u00e9s le groupe de 6 repart en direction du port de Boucharo. Le d\u00e9but de l&rsquo;ascension est encombr\u00e9e de voitures et de pi\u00e9tons. Pour l&rsquo;ascension le peloton s&rsquo;organise en 4 groupes, Claude et Jacques devant, Dominique et Eric LC \u00e0 quelques encablures, Eric B. un peu plus loin et Alain M. ferme la marche. Oui le jambon c&rsquo;est pas magique&#8230; Les agents du d\u00e9partement sont fac\u00e9tieux 2 kilom\u00e8tres sont indiqu\u00e9s respectivement \u00e0 2,7% et 1,4% de moyenne. Les compteurs ne sont jamais descendus en dessous des 8% !!! La fin de l&rsquo;ascension est rendue difficile par un vent tr\u00e8s frais accompagn\u00e9 d&rsquo;une pluie glaciale. Les compteurs indiquent \u00e0 peine 9\u00b0 en haut du col. Les coureurs ne s&rsquo;\u00e9ternisent pas et sit\u00f4t le k-way enfil\u00e9 ils repartent tr\u00e8s prudemment dans l&rsquo;autre sens. La route est d\u00e9tremp\u00e9e, macul\u00e9e de d\u00e9jections ovines et de gravillons. Claude cr\u00e8ve de l&rsquo;avant, Eric LC s&rsquo;arr\u00eatera donner un coup de main, enfin, surtout 2 d\u00e9monte-pneus pour pallier \u00e0 la pi\u00e8tre qualit\u00e9 des siens.<\/p>\n<p><img loading=\"lazy\" decoding=\"async\" src=\"https:\/\/lunioncycliste31.fr\/wp-content\/uploads\/2018\/06\/20180609_121847-e1528649291304-576x1024.jpg\" alt=\"\" width=\"576\" height=\"1024\" class=\"aligncenter size-large wp-image-1343\" srcset=\"https:\/\/www.lunioncycliste31.fr\/wp-content\/uploads\/2018\/06\/20180609_121847-e1528649291304-576x1024.jpg 576w, https:\/\/www.lunioncycliste31.fr\/wp-content\/uploads\/2018\/06\/20180609_121847-e1528649291304-169x300.jpg 169w, https:\/\/www.lunioncycliste31.fr\/wp-content\/uploads\/2018\/06\/20180609_121847-e1528649291304-768x1365.jpg 768w, https:\/\/www.lunioncycliste31.fr\/wp-content\/uploads\/2018\/06\/20180609_121847-e1528649291304.jpg 1152w\" sizes=\"auto, (max-width: 576px) 100vw, 576px\" \/> <img loading=\"lazy\" decoding=\"async\" src=\"https:\/\/lunioncycliste31.fr\/wp-content\/uploads\/2018\/06\/20180609_121923-1024x576.jpg\" alt=\"\" width=\"750\" height=\"422\" class=\"aligncenter size-large wp-image-1344\" srcset=\"https:\/\/www.lunioncycliste31.fr\/wp-content\/uploads\/2018\/06\/20180609_121923-1024x576.jpg 1024w, https:\/\/www.lunioncycliste31.fr\/wp-content\/uploads\/2018\/06\/20180609_121923-300x169.jpg 300w, https:\/\/www.lunioncycliste31.fr\/wp-content\/uploads\/2018\/06\/20180609_121923-768x432.jpg 768w, https:\/\/www.lunioncycliste31.fr\/wp-content\/uploads\/2018\/06\/20180609_121923.jpg 2048w\" sizes=\"auto, (max-width: 750px) 100vw, 750px\" \/><\/p>\n<p>Pendant ce temps Alain D et Michel ont retrouv\u00e9 la plaine et d\u00e9cident de rallonger un peu, vu le temps cl\u00e9ment qui r\u00e8gne. Ils prennent donc la direction du Soulor. La route fraichement goudronn\u00e9e est un vrai billard. Ils ne trouveront que quelques gouttes dans les derniers 500 m\u00e8tres. La descente sera facile sur cette belle route.<\/p>\n<p>Une fois le regroupement des 6 \u00e9quipiers effectu\u00e9 \u00e0 Gavarnie, s&rsquo;engage la descente rapide vers le Pont Napol\u00e9on. Les coureurs frigorifi\u00e9s n&rsquo;avancent pas tous \u00e0 la m\u00eame allure, Dominique et Claude ferment la marche. Alain M. toujours transcend\u00e9 par le jambon et l&rsquo;oeuf ouvre la voie et fait la course avec les voitures. A G\u00e8dre le groupe se recompose pour bifurquer group\u00e9 au pont Napol\u00e9on. L\u00e0, Dominique et Eric B., en manque de D+, d\u00e9cident de monter vers Luz-Ardiden, les autres poursuivent \u00e0 bonne allure vers le gite.<\/p>\n<p>Michel et Alain rentrent frais de leur ascension quelques minutes avant les 4, juste le temps pour Michel de prendre sa douche. 96 kilom\u00e8tres et 1600 m\u00e8tre de D+. Pour Alain, Claude, Eric et Jacques c&rsquo;est 102 km et pr\u00e8s de 1900 m\u00e8tres de d\u00e9nivel\u00e9.<\/p>\n<p>Dominique et Eric B. monteront ensemble vers Luz-Ardiden sous un ciel gris mais sans pluie. Au retour Eric souhaite avoir un chiffre rond de D+ et les voil\u00e0 \u00e0 l&rsquo;assaut du Hautacam pour atteindre les 3000m de D+. Finalement ce sera une sortie de 133 km pour les 2 derniers arrivants.<\/p>\n<p>Une bonne journ\u00e9e de v\u00e9lo malgr\u00e9 la pluie, le vent et le froid.<\/p>\n<p>PS : Pas trop de photos la temp\u00e9rature est trop fra\u00eeche&#8230;<\/p>\n<p>&nbsp;<\/p>\n","protected":false},"excerpt":{"rendered":"<p>Aujourd&rsquo;hui les nuages sont majoritaires dans le ciel de B\u00f4o-Silhen. Nos 8 coureurs, et oui Eric B. et Dominique sont arriv\u00e9s hier soir.\u00a0Le programme du jour c&rsquo;est le port de [&hellip;]<\/p>\n","protected":false},"author":1,"featured_media":1341,"comment_status":"open","ping_status":"open","sticky":false,"template":"","format":"standard","meta":{"footnotes":""},"categories":[20,38],"tags":[],"class_list":["post-1313","post","type-post","status-publish","format-standard","has-post-thumbnail","hentry","category-vie-du-club","category-vie-du-club-2018"],"_links":{"self":[{"href":"https:\/\/www.lunioncycliste31.fr\/index.php\/wp-json\/wp\/v2\/posts\/1313","targetHints":{"allow":["GET"]}}],"collection":[{"href":"https:\/\/www.lunioncycliste31.fr\/index.php\/wp-json\/wp\/v2\/posts"}],"about":[{"href":"https:\/\/www.lunioncycliste31.fr\/index.php\/wp-json\/wp\/v2\/types\/post"}],"author":[{"embeddable":true,"href":"https:\/\/www.lunioncycliste31.fr\/index.php\/wp-json\/wp\/v2\/users\/1"}],"replies":[{"embeddable":true,"href":"https:\/\/www.lunioncycliste31.fr\/index.php\/wp-json\/wp\/v2\/comments?post=1313"}],"version-history":[{"count":6,"href":"https:\/\/www.lunioncycliste31.fr\/index.php\/wp-json\/wp\/v2\/posts\/1313\/revisions"}],"predecessor-version":[{"id":1345,"href":"https:\/\/www.lunioncycliste31.fr\/index.php\/wp-json\/wp\/v2\/posts\/1313\/revisions\/1345"}],"wp:featuredmedia":[{"embeddable":true,"href":"https:\/\/www.lunioncycliste31.fr\/index.php\/wp-json\/wp\/v2\/media\/1341"}],"wp:attachment":[{"href":"https:\/\/www.lunioncycliste31.fr\/index.php\/wp-json\/wp\/v2\/media?parent=1313"}],"wp:term":[{"taxonomy":"category","embeddable":true,"href":"https:\/\/www.lunioncycliste31.fr\/index.php\/wp-json\/wp\/v2\/categories?post=1313"},{"taxonomy":"post_tag","embeddable":true,"href":"https:\/\/www.lunioncycliste31.fr\/index.php\/wp-json\/wp\/v2\/tags?post=1313"}],"curies":[{"name":"wp","href":"https:\/\/api.w.org\/{rel}","templated":true}]}}