{"id":1429,"date":"2018-06-17T18:23:12","date_gmt":"2018-06-17T16:23:12","guid":{"rendered":"https:\/\/lunioncycliste31.fr\/?p=1429"},"modified":"2018-06-25T22:39:39","modified_gmt":"2018-06-25T20:39:39","slug":"santini-gf-mont-ventoux-17-06-2018","status":"publish","type":"post","link":"https:\/\/www.lunioncycliste31.fr\/index.php\/2018\/06\/17\/santini-gf-mont-ventoux-17-06-2018\/","title":{"rendered":"Santini GF Mont Ventoux &#8211; 17\/06\/2018"},"content":{"rendered":"<p>Dimanche 17 juin ce sont plus de 2000 cyclistes qui ce sont attaqu\u00e9s au g\u00e9ant de Provence. Parmi eux 3 membres du clubs Fabrice, Julien et Olivier \u00e0 l&rsquo;assaut du plus long des 2 parcours 135 kms avec au programme :<\/p>\n<ul>\n<li>Col de la P\u00e9roni\u00e8re : 5km (D+311m) ** 6\/7 %- Alt 640m<\/li>\n<li>Col des Aires par Brantes: 3km (D+176m) ** 5\/8 %<\/li>\n<li>Col de Macu\u00e8gne 9,4km *** (Alt 1068m) &#8211; Barret de Lioure + Col de l\u2019homme mort\u00a0: 4,5 km &#8211; (<span>Elevation gain:\u00a0<\/span>600m) 4\/6 % * (Alt 1213m),\u00a015 km d&rsquo;ascension sans r\u00e9pit<\/li>\n<li>Mont Ventoux\u00a0: 21,5km (D+1610m) **** 7\/10 % (1912m)<\/li>\n<\/ul>\n<p>Il faudra ajouter 31km (de descente certes) pour rejoindre le d\u00e9part \u00e0 Vaison la Romaine.<\/p>\n<p>Nos protagonistes sont arriv\u00e9s la veille le samedi pour retir\u00e9 les dossards. C&rsquo;est la foule et la chaleur qui les accueillent, si le temps reste le m\u00eame la journ\u00e9e du lendemain ne sera pas une simple balade&#8230;<\/p>\n<p>Dimanche matin nos 3 coureurs sont sur la ligne \u00e0 6h50, le d\u00e9part est donn\u00e9 \u00e0 7h30, pourtant ils ne sont pas les premiers, et on peut sentir l&rsquo;excitation monter chez les participants. Gardez de l&rsquo;influx la chaleur est l\u00e0&#8230;<\/p>\n<p>Le premier col, le col de la Peyronni\u00e8re, est vite arriv\u00e9, \u00e7a monte au train sur ces pentes r\u00e9guli\u00e8res et sans gros pourcentage. La descente permettra un repos tout relatif avant d\u2019encha\u00eener directement avec le col des Aires. Un joli petit col, avec des lacets sympas dans de petits villages. Vient ensuite la vall\u00e9e o\u00f9 \u00e7a roule fort, pas vraiment de repos l\u00e0 encore. Olivier et Julien ne peuvent rejoindre Fabrice, parti devant dans un petit groupe \u00e0 peine plus rapide.<\/p>\n<p>Et voil\u00e0 qu&rsquo;arrive le plat de r\u00e9sistance, le col de l&rsquo;Homme Mort (Pas celui de l&rsquo;Ari\u00e8ge&#8230;) et 15 kms d&rsquo;ascension. Il n&rsquo;y a pas de gros pourcentages, mais cette longue ascension use tant moralement que physiquement quand on sait de quoi se compose le dessert&#8230; Olivier et Julien restent prudent dans cette ascension et montent ce col plut\u00f4t tranquillement, histoire d&rsquo;en garder sous la p\u00e9dale. En tournant la t\u00eate sur la droite ils peuvent admirer (ou redouter&#8230;) le G\u00e9ant de Provence qui \u00e9tire sa robe blanche vers le ciel, confirmant l&rsquo;id\u00e9e que s&rsquo;\u00e9conomiser un peu n&rsquo;est pas une id\u00e9e saugrenue. En haut de ce col, l&rsquo;inclinaison change et c&rsquo;est environ 50 kms de faux plats descendant qui s&rsquo;annoncent. Un perspective r\u00e9jouissante ? Oui et Non, \u00e7a roule tr\u00e8s vite, nos camarades doivent puiser dans leur r\u00e9serves pour rester dans les roues et ne pas se retrouver seuls. Le vent se l\u00e8ve dans la vall\u00e9e, au km 70 c&rsquo;est le ravitaillement, Olivier et Julien d\u00e9cident de s&rsquo;arr\u00eater au suivant, au pied du Ventoux, comme l&rsquo;avait fait Fabrice toujours quelques encablures devant. A la sortie du ravitaillement Olivier et Julien se retrouve \u00e0 3 avec le vent de face jusqu&rsquo;au pied du \u00ab\u00a0dessert\u00a0\u00bb ! Pour Fabrice c&rsquo;est un peu le m\u00eame souci. Cette premi\u00e8re partie est aval\u00e9e tr\u00e8s vite 110 km et 1800 D+ aval\u00e9e \u00e0 30 km\/h de moyenne, sans doute un peu trop vite avant d&rsquo;aborder ce monument&#8230;<\/p>\n<p>Une fois le ravitaillement effectu\u00e9 c&rsquo;est parti pour 10kms de route vallonn\u00e9es, et c&rsquo;est enfin le moment tant attendu, redout\u00e9, esp\u00e9r\u00e9, craint, pr\u00e9vu,&#8230; (rayer les mentions inutiles&#8230;). Nos coureurs passent une ligne qui indique le d\u00e9but du KOM (King Of Mountain), c&rsquo;est parti pour le Ventoux ! Plus que 20 kilom\u00e8tres, mais quels kilom\u00e8tres !!! Les organismes sont d\u00e9j\u00e0 bien entam\u00e9s et les jambes commencent \u00e0 tirer. Chacun fait sa route, Fabrice devant depuis d\u00e9j\u00e0 de nombreux kilom\u00e8tres, Olivier prend quelques m\u00e8tres sur Julien. Chacun son rythme, il s&rsquo;agit de ne pas se griller d\u00e8s le d\u00e9but de l&rsquo;ascension. A St Est\u00e8ve nos coureurs savent que le plus dur reste \u00e0 venir, encore 10 km \u00e0 plus de 10% de moyenne. Pour Julien plus de son ni de lumi\u00e8re, les jambes br\u00fblent et le compteur oscille entre 6 et 8 km\/h. La chaleur est \u00e9crasante, nombreux sont ce qui posent pieds \u00e0 terre dans cette redoutable ascension.<\/p>\n<p>Au chalet Reynard le replat et surtout le ravitaillement permettent aux n\u00f4tres de reprendre quelques forces, plus que 7 kilom\u00e8tres. Il est l\u00e0 ! Ils le voient ! si proche et si loin en m\u00eame temps. Les virages s&rsquo;encha\u00eenent, les coureurs qui ont encore quelques forces encourage les autres nombreux a bout de souffle, il y beaucoup de monde sur le bord de la route.<\/p>\n<p>Fabrice fini 403\u00e8me au scratch et 155 dans sa cat\u00e9gorie, Olivier est un peu plus loin 545\u00e8me au scratch et 66\u00e8me de sa cat\u00e9gorie, enfin Julien 698\u00e8me au scratch et 228\u00e8me de sa cat\u00e9gorie.<\/p>\n<p>Ils seront accueille en haut par Mathieu qui assure la logistique, avec force de veste et K-Way pour ne pas prendre froid dans la descente jusqu&rsquo;\u00e0 Vaison la Romaine. Mathieu aura assur\u00e9 la logistique pour ce week-end proven\u00e7al. Une fois le repas d\u00e9gust\u00e9 \u00e0 l&rsquo;arriv\u00e9e et la douche prise (bien m\u00e9rit\u00e9 au demeurant) au logement (Merci \u00e0 Fabrice et sa famille pour le pr\u00eat de la maison) il est temps de rentrer \u00e0 Toulouse. Sur la route chacun racontera sa course en r\u00eavant d\u00e9j\u00e0 \u00e0 l&rsquo;ann\u00e9e prochaine.<\/p>\n<p><img loading=\"lazy\" decoding=\"async\" src=\"https:\/\/lunioncycliste31.fr\/wp-content\/uploads\/2018\/06\/IMG_9702-e1529856915599-1024x769.jpg\" alt=\"\" width=\"750\" height=\"563\" class=\"aligncenter size-large wp-image-1431\" srcset=\"https:\/\/www.lunioncycliste31.fr\/wp-content\/uploads\/2018\/06\/IMG_9702-e1529856915599-1024x769.jpg 1024w, https:\/\/www.lunioncycliste31.fr\/wp-content\/uploads\/2018\/06\/IMG_9702-e1529856915599-300x225.jpg 300w, https:\/\/www.lunioncycliste31.fr\/wp-content\/uploads\/2018\/06\/IMG_9702-e1529856915599-768x577.jpg 768w, https:\/\/www.lunioncycliste31.fr\/wp-content\/uploads\/2018\/06\/IMG_9702-e1529856915599.jpg 1544w\" sizes=\"auto, (max-width: 750px) 100vw, 750px\" \/><img loading=\"lazy\" decoding=\"async\" src=\"https:\/\/lunioncycliste31.fr\/wp-content\/uploads\/2018\/06\/download_20180624_112348-1024x768.jpg\" alt=\"\" width=\"750\" height=\"563\" class=\"aligncenter size-large wp-image-1432\" srcset=\"https:\/\/www.lunioncycliste31.fr\/wp-content\/uploads\/2018\/06\/download_20180624_112348-1024x768.jpg 1024w, https:\/\/www.lunioncycliste31.fr\/wp-content\/uploads\/2018\/06\/download_20180624_112348-300x225.jpg 300w, https:\/\/www.lunioncycliste31.fr\/wp-content\/uploads\/2018\/06\/download_20180624_112348-768x576.jpg 768w, https:\/\/www.lunioncycliste31.fr\/wp-content\/uploads\/2018\/06\/download_20180624_112348.jpg 2048w\" sizes=\"auto, (max-width: 750px) 100vw, 750px\" \/> <img loading=\"lazy\" decoding=\"async\" src=\"https:\/\/lunioncycliste31.fr\/wp-content\/uploads\/2018\/06\/IMG_9705-1024x768.jpg\" alt=\"\" width=\"750\" height=\"563\" class=\"aligncenter size-large wp-image-1443\" srcset=\"https:\/\/www.lunioncycliste31.fr\/wp-content\/uploads\/2018\/06\/IMG_9705-1024x768.jpg 1024w, https:\/\/www.lunioncycliste31.fr\/wp-content\/uploads\/2018\/06\/IMG_9705-300x225.jpg 300w, https:\/\/www.lunioncycliste31.fr\/wp-content\/uploads\/2018\/06\/IMG_9705-768x576.jpg 768w, https:\/\/www.lunioncycliste31.fr\/wp-content\/uploads\/2018\/06\/IMG_9705.jpg 2016w\" sizes=\"auto, (max-width: 750px) 100vw, 750px\" \/><img loading=\"lazy\" decoding=\"async\" src=\"https:\/\/lunioncycliste31.fr\/wp-content\/uploads\/2018\/06\/download_20180624_112410-768x1024.jpg\" alt=\"\" width=\"750\" height=\"1000\" class=\"aligncenter size-large wp-image-1435\" srcset=\"https:\/\/www.lunioncycliste31.fr\/wp-content\/uploads\/2018\/06\/download_20180624_112410-768x1024.jpg 768w, https:\/\/www.lunioncycliste31.fr\/wp-content\/uploads\/2018\/06\/download_20180624_112410-225x300.jpg 225w, https:\/\/www.lunioncycliste31.fr\/wp-content\/uploads\/2018\/06\/download_20180624_112410.jpg 1536w\" sizes=\"auto, (max-width: 750px) 100vw, 750px\" \/> <img loading=\"lazy\" decoding=\"async\" src=\"https:\/\/lunioncycliste31.fr\/wp-content\/uploads\/2018\/06\/download_20180624_112509-768x1024.jpg\" alt=\"\" width=\"750\" height=\"1000\" class=\"aligncenter size-large wp-image-1438\" srcset=\"https:\/\/www.lunioncycliste31.fr\/wp-content\/uploads\/2018\/06\/download_20180624_112509-768x1024.jpg 768w, https:\/\/www.lunioncycliste31.fr\/wp-content\/uploads\/2018\/06\/download_20180624_112509-225x300.jpg 225w, https:\/\/www.lunioncycliste31.fr\/wp-content\/uploads\/2018\/06\/download_20180624_112509.jpg 1536w\" sizes=\"auto, (max-width: 750px) 100vw, 750px\" \/><br \/>\n<img loading=\"lazy\" decoding=\"async\" src=\"https:\/\/lunioncycliste31.fr\/wp-content\/uploads\/2018\/06\/download_20180624_112423-768x1024.jpg\" alt=\"\" width=\"750\" height=\"1000\" class=\"aligncenter size-large wp-image-1436\" srcset=\"https:\/\/www.lunioncycliste31.fr\/wp-content\/uploads\/2018\/06\/download_20180624_112423-768x1024.jpg 768w, https:\/\/www.lunioncycliste31.fr\/wp-content\/uploads\/2018\/06\/download_20180624_112423-225x300.jpg 225w, https:\/\/www.lunioncycliste31.fr\/wp-content\/uploads\/2018\/06\/download_20180624_112423.jpg 1536w\" sizes=\"auto, (max-width: 750px) 100vw, 750px\" \/><img loading=\"lazy\" decoding=\"async\" src=\"https:\/\/lunioncycliste31.fr\/wp-content\/uploads\/2018\/06\/download_20180624_112403-768x1024.jpg\" alt=\"\" width=\"750\" height=\"1000\" class=\"aligncenter size-large wp-image-1434\" srcset=\"https:\/\/www.lunioncycliste31.fr\/wp-content\/uploads\/2018\/06\/download_20180624_112403-768x1024.jpg 768w, https:\/\/www.lunioncycliste31.fr\/wp-content\/uploads\/2018\/06\/download_20180624_112403-225x300.jpg 225w, https:\/\/www.lunioncycliste31.fr\/wp-content\/uploads\/2018\/06\/download_20180624_112403.jpg 1536w\" sizes=\"auto, (max-width: 750px) 100vw, 750px\" \/><img loading=\"lazy\" decoding=\"async\" src=\"https:\/\/lunioncycliste31.fr\/wp-content\/uploads\/2018\/06\/download_20180624_112440-1024x768.jpg\" alt=\"\" width=\"750\" height=\"563\" class=\"aligncenter size-large wp-image-1437\" srcset=\"https:\/\/www.lunioncycliste31.fr\/wp-content\/uploads\/2018\/06\/download_20180624_112440-1024x768.jpg 1024w, https:\/\/www.lunioncycliste31.fr\/wp-content\/uploads\/2018\/06\/download_20180624_112440-300x225.jpg 300w, https:\/\/www.lunioncycliste31.fr\/wp-content\/uploads\/2018\/06\/download_20180624_112440-768x576.jpg 768w, https:\/\/www.lunioncycliste31.fr\/wp-content\/uploads\/2018\/06\/download_20180624_112440.jpg 2048w\" sizes=\"auto, (max-width: 750px) 100vw, 750px\" \/> <img loading=\"lazy\" decoding=\"async\" src=\"https:\/\/lunioncycliste31.fr\/wp-content\/uploads\/2018\/06\/download_20180624_112358-1024x768.jpg\" alt=\"\" width=\"750\" height=\"563\" class=\"aligncenter size-large wp-image-1433\" srcset=\"https:\/\/www.lunioncycliste31.fr\/wp-content\/uploads\/2018\/06\/download_20180624_112358-1024x768.jpg 1024w, https:\/\/www.lunioncycliste31.fr\/wp-content\/uploads\/2018\/06\/download_20180624_112358-300x225.jpg 300w, https:\/\/www.lunioncycliste31.fr\/wp-content\/uploads\/2018\/06\/download_20180624_112358-768x576.jpg 768w, https:\/\/www.lunioncycliste31.fr\/wp-content\/uploads\/2018\/06\/download_20180624_112358.jpg 2048w\" sizes=\"auto, (max-width: 750px) 100vw, 750px\" \/> <img loading=\"lazy\" decoding=\"async\" src=\"https:\/\/lunioncycliste31.fr\/wp-content\/uploads\/2018\/06\/IMG_9698-e1529857012803-768x1024.jpg\" alt=\"\" width=\"750\" height=\"1000\" class=\"aligncenter size-large wp-image-1440\" srcset=\"https:\/\/www.lunioncycliste31.fr\/wp-content\/uploads\/2018\/06\/IMG_9698-e1529857012803-768x1024.jpg 768w, https:\/\/www.lunioncycliste31.fr\/wp-content\/uploads\/2018\/06\/IMG_9698-e1529857012803-225x300.jpg 225w, https:\/\/www.lunioncycliste31.fr\/wp-content\/uploads\/2018\/06\/IMG_9698-e1529857012803.jpg 1512w\" sizes=\"auto, (max-width: 750px) 100vw, 750px\" \/> <img loading=\"lazy\" decoding=\"async\" src=\"https:\/\/lunioncycliste31.fr\/wp-content\/uploads\/2018\/06\/IMG_9699-1024x768.jpg\" alt=\"\" width=\"750\" height=\"563\" class=\"aligncenter size-large wp-image-1441\" srcset=\"https:\/\/www.lunioncycliste31.fr\/wp-content\/uploads\/2018\/06\/IMG_9699-1024x768.jpg 1024w, https:\/\/www.lunioncycliste31.fr\/wp-content\/uploads\/2018\/06\/IMG_9699-300x225.jpg 300w, https:\/\/www.lunioncycliste31.fr\/wp-content\/uploads\/2018\/06\/IMG_9699-768x576.jpg 768w, https:\/\/www.lunioncycliste31.fr\/wp-content\/uploads\/2018\/06\/IMG_9699.jpg 2016w\" sizes=\"auto, (max-width: 750px) 100vw, 750px\" \/> <img loading=\"lazy\" decoding=\"async\" src=\"https:\/\/lunioncycliste31.fr\/wp-content\/uploads\/2018\/06\/IMG_9701-e1529856998501-768x1024.jpg\" alt=\"\" width=\"750\" height=\"1000\" class=\"aligncenter size-large wp-image-1442\" srcset=\"https:\/\/www.lunioncycliste31.fr\/wp-content\/uploads\/2018\/06\/IMG_9701-e1529856998501-768x1024.jpg 768w, https:\/\/www.lunioncycliste31.fr\/wp-content\/uploads\/2018\/06\/IMG_9701-e1529856998501-225x300.jpg 225w, https:\/\/www.lunioncycliste31.fr\/wp-content\/uploads\/2018\/06\/IMG_9701-e1529856998501.jpg 1512w\" sizes=\"auto, (max-width: 750px) 100vw, 750px\" \/><\/p>\n<p>&nbsp;<\/p>\n","protected":false},"excerpt":{"rendered":"<p>Dimanche 17 juin ce sont plus de 2000 cyclistes qui ce sont attaqu\u00e9s au g\u00e9ant de Provence. Parmi eux 3 membres du clubs Fabrice, Julien et Olivier \u00e0 l&rsquo;assaut du [&hellip;]<\/p>\n","protected":false},"author":1,"featured_media":1445,"comment_status":"open","ping_status":"open","sticky":false,"template":"","format":"standard","meta":{"footnotes":""},"categories":[12,41],"tags":[],"class_list":["post-1429","post","type-post","status-publish","format-standard","has-post-thumbnail","hentry","category-cyclosportive","category-cyclosportives-2018"],"_links":{"self":[{"href":"https:\/\/www.lunioncycliste31.fr\/index.php\/wp-json\/wp\/v2\/posts\/1429","targetHints":{"allow":["GET"]}}],"collection":[{"href":"https:\/\/www.lunioncycliste31.fr\/index.php\/wp-json\/wp\/v2\/posts"}],"about":[{"href":"https:\/\/www.lunioncycliste31.fr\/index.php\/wp-json\/wp\/v2\/types\/post"}],"author":[{"embeddable":true,"href":"https:\/\/www.lunioncycliste31.fr\/index.php\/wp-json\/wp\/v2\/users\/1"}],"replies":[{"embeddable":true,"href":"https:\/\/www.lunioncycliste31.fr\/index.php\/wp-json\/wp\/v2\/comments?post=1429"}],"version-history":[{"count":2,"href":"https:\/\/www.lunioncycliste31.fr\/index.php\/wp-json\/wp\/v2\/posts\/1429\/revisions"}],"predecessor-version":[{"id":1444,"href":"https:\/\/www.lunioncycliste31.fr\/index.php\/wp-json\/wp\/v2\/posts\/1429\/revisions\/1444"}],"wp:featuredmedia":[{"embeddable":true,"href":"https:\/\/www.lunioncycliste31.fr\/index.php\/wp-json\/wp\/v2\/media\/1445"}],"wp:attachment":[{"href":"https:\/\/www.lunioncycliste31.fr\/index.php\/wp-json\/wp\/v2\/media?parent=1429"}],"wp:term":[{"taxonomy":"category","embeddable":true,"href":"https:\/\/www.lunioncycliste31.fr\/index.php\/wp-json\/wp\/v2\/categories?post=1429"},{"taxonomy":"post_tag","embeddable":true,"href":"https:\/\/www.lunioncycliste31.fr\/index.php\/wp-json\/wp\/v2\/tags?post=1429"}],"curies":[{"name":"wp","href":"https:\/\/api.w.org\/{rel}","templated":true}]}}