{"id":1448,"date":"2018-07-02T23:26:48","date_gmt":"2018-07-02T21:26:48","guid":{"rendered":"https:\/\/lunioncycliste31.fr\/?p=1448"},"modified":"2018-07-03T22:10:10","modified_gmt":"2018-07-03T20:10:10","slug":"lariegeoise-2018","status":"publish","type":"post","link":"https:\/\/www.lunioncycliste31.fr\/index.php\/2018\/07\/02\/lariegeoise-2018\/","title":{"rendered":"L&rsquo;Ari\u00e9geoise 2018"},"content":{"rendered":"<p>Traditionnellement le dernier samedi de juin notre club migre en masse vers Tarascon, pour disputer la grande cyclosportive des Pyr\u00e9n\u00e9es. Cette ann\u00e9e le soleil et la chaleur sont au rendez-vous. Les coupe-vent et autre imper sont remis\u00e9s, place aux bidons de grandes capacit\u00e9s, ombrelles, ventilateurs et autres brumisateurs&#8230; Les pr\u00e9visions annoncent plus de 30\u00b0 sur les routes d&rsquo;Ari\u00e8ge. Et ce sont 19 coureurs qui se pr\u00e9sentent sur la ligne de d\u00e9part. Fin pr\u00eat ou presque&#8230; Le benjamin de la troupe n&rsquo;affiche que quelques centaines de kilom\u00e8tres depuis le d\u00e9but de l&rsquo;ann\u00e9e, et rien depuis plus d&rsquo;un mois et demi&#8230; Thierry lui a repris le v\u00e9lo assid\u00fbment d\u00e9but mai apr\u00e8s une d\u00e9chirure musculaire en fin d&rsquo;hiver. Pour d&rsquo;autres encore (les 2 Alain, Mathieu et Olivier) c&rsquo;est juste une pr\u00e9paration en vue du prochain objectif : L&rsquo;\u00e9tape du Tour !<\/p>\n<p>Les premiers partent \u00e0 8h00 pour l&rsquo;Ari\u00e9geoise (XXL ou non, ils verront en arrivant aux Cabanes). Le d\u00e9part est rapide comme toujours dans les rues de Tarascon. Pas la peine de se pr\u00e9cipiter, la premi\u00e8re \u00e9pingle n\u00e9cessite de freiner fortement et apr\u00e8s c&rsquo;est le d\u00e9but du Pas de Souloumbri\u00e9. Le premier de la journ\u00e9e, il faudra y repasser tout \u00e0 l&rsquo;heure&#8230; \u00c7a part group\u00e9 \u00e0 l&rsquo;arri\u00e8re,\u00a0 Alain M, Dominique, Eric B, Jean-Marc, S\u00e9bastien et Thierry se sont trouv\u00e9 dans le sas de d\u00e9part. Et apr\u00e8s la s\u00e9ance photo il faut s&rsquo;activer. Il fait d\u00e9j\u00e0 chaud en ce d\u00e9but de matin\u00e9e.<\/p>\n<p>Notre premier peloton s&rsquo;active entre Arnave et Casenave quand l&rsquo;autre peloton prend le d\u00e9part pour la Montagnole (XXL ou pas m\u00eame principe), \u00e0 8h30. D\u00e9part rapide comme toujours, pas de v\u00e9ritable c\u00f4te avant le quinzi\u00e8me kilom\u00e8tre, et surtout beaucoup de monde. Il faut donc prendre les bonnes roues pour les premiers et rester \u00e0 l&rsquo;abri pour les autres, tout en \u00e9vitant les chutes&#8230; La premi\u00e8re c\u00f4te pour rejoindre Roquefixade n&rsquo;est pas la plus difficile de la journ\u00e9e mais devant Christian, David et Jean-Olivier bataillent pour rester devant. David d\u00e9croche mais revient dans la descente, il comprend que la journ\u00e9e va \u00eatre difficile. Derri\u00e8re \u00e7a g\u00e8re, Yannick avance \u00e0 bon rythme et Laurent et Gilles doublent Tanguy en mode tranquille dans cette premi\u00e8re ascension, il sait que la route est encore longue&#8230;<\/p>\n<p>Du c\u00f4t\u00e9 de l&rsquo;Ari\u00e9geoise apr\u00e8s le pas du Souloumbri\u00e9 c&rsquo;est la longue route de la corniche qui ondule \u00e0 flan de montagne avant de descendre \u00e0 Ax. Une route qui entame les organismes. Eric parti dans les premiers se bat pour rester dans les groupes o\u00f9 l\u2019ambiance est plus course que cyclo. Derri\u00e8re, en bonne forme, S\u00e9bastien l\u00e2che ses camarades et remonte progressivement les pelotons. Il rejoindra Eric un peu avant Ascou et 1 kilom\u00e8tre plus tard il part \u00e0 l&rsquo;assaut du col de Pradel, laissant Eric scotch\u00e9 d\u00e8s les premi\u00e8res rampes. Derri\u00e8re \u00e7a g\u00e8re, les candidats \u00e0 l&rsquo;\u00e9tape du Tour ont compris que si ils ne voulaient pas arriver compl\u00e8tement rinc\u00e9 \u00e0 l&rsquo;\u00e9preuve suivante il allait falloir g\u00e9rer et rester en dedans. Les autres avancent et font avec la forme du moment, Dominique, Jean-Marc et Thierry reprennent Mathieu et Olivier peu apr\u00e8s AX. Dans la descente du Pradel Jean-Marc perce de la roue avant. Dominique l\u00e2ch\u00e9 dans l&rsquo;ascension s&rsquo;arr\u00eate pour attendre Jean-Marc, ils repartiront ensemble direction Espezel. Entre-temps Thierry est pass\u00e9, toujours \u00e0 la recherche du temps perdu&#8230; et de l&rsquo;ombre. \u00c7a tombe bien la route vers Niort de Sault est \u00e0 l&rsquo;ombre des falaises. Devant Eric fait une pause \u00e0 Espezel pour charger un bidon et repart avec Laetitia Condouret qui finira premi\u00e8re f\u00e9minine. Avec un soci\u00e9taire de l&rsquo;aviron Bayonnais ils traverseront \u00e0 trois le long plateau en direction du col de la Croix des morts.<\/p>\n<p>Sur la Montagnole \u00e7a s&rsquo;\u00e9chauffe dans la mont\u00e9e de Monts\u00e9gur. Qu&rsquo;elle est dure cette mont\u00e9e expos\u00e9e au soleil, les corps surchauffent et explosent. David l\u00e2che d\u00e8s les premiers lacets du col. Jean-Olivier a aussi du mal dans les premiers lacets, mais la fin sera un vrai calvaire, au point de douter de la mont\u00e9e vers Beille. Christian reste dans les roues du deuxi\u00e8me groupe. Apr\u00e8s une descente rapide, Jean-Olivier revient dans la vall\u00e9e au sein d&rsquo;un groupe d&rsquo;une vingtaine de coureurs. Derri\u00e8re ils sont 7 avec David pour chasser. Claude et Francis ne sont pas tr\u00e8s loin. Yannick continu \u00e9galement \u00e0 son rythme. Derri\u00e8re Gilles et Laurent font cause commune, et profitent du paysage et des ravitaillements. Ils monteront chacun \u00e0 leur rythme et sauront profiter du ravitaillement en haut du col de Monts\u00e9gur. Et pour clore ce peloton de la Montagnole, Tanguy qui ressent les effets d&rsquo;un non-entrainement intensif&#8230; c&rsquo;est plus facile \u00e0 moto&#8230; ou pour les premiers de l&rsquo;Ari\u00e9geoise qui doublent tout ce petit monde \u00e0 une vitesse ahurissante&#8230; Gilles et Laurent rejoignent le pied du Souloumbri\u00e9 \u00e0 bonne allure inspir\u00e9s par les fus\u00e9es \u00e0 roulettes admir\u00e9es lors du ravitaillement. Pour Tanguy les fus\u00e9es lui ont plus coup\u00e9 les jambes et la grande nationale au bitume frais et surchauff\u00e9 n&rsquo;arrange rien \u00e0 l&rsquo;affaire, on en reparlera&#8230;<\/p>\n<p>Pour les \u00ab\u00a0Ari\u00e9geois\u00a0\u00bb vient aussi le temps d&rsquo;affronter Monts\u00e9gur. S\u00e9bastien y arrive le premier et ressent imm\u00e9diatement un gros coup de chaud, voire une l\u00e9g\u00e8re d\u00e9faillance, heureusement il bascule avec un bon groupe dans la vall\u00e9e. Pour Eric c&rsquo;est bis r\u00e9p\u00e9tita et c&rsquo;est scotch\u00e9 et dans la souffrance qu&rsquo;il arrive au sommet de Monts\u00e9gur. Un arr\u00eat \u00e0 la buvette et c&rsquo;est reparti, \u00e0 2 puis 3 jusqu&rsquo;\u00e0 Nalzen o\u00f9 un groupe le rattrape et l&#8217;emm\u00e8ne jusqu&rsquo;au prochain ravito. Les suivants Thierry, Jean-Marc et Dominique arrivent en ordre dispers\u00e9 en haut de Monts\u00e9gur mais le ravitaillement permet un regroupement. Les trois sont cram\u00e9s, il fait vraiment tr\u00e8s chaud, et pour les suivants c&rsquo;est pareil, voir pire plus la journ\u00e9e avance et plus la temp\u00e9rature monte. Dans la descente Thierry perd de vue Dominique et Jean-Marc et file seul vers la difficult\u00e9 suivante. Thierry accroche les groupes pour rejoindre le ravito suivant.<\/p>\n<p>Mais sur la Montagnole l&rsquo;arriv\u00e9e est proche, Jean-Olivier \u00e0 r\u00e9cup\u00e9r\u00e9 des jambes et bascule en 10 ou quinzi\u00e8me position du groupe de 50 coureurs, Christian a perdu des places dans la mont\u00e9e, mais fait une descente remarquable pour aller chercher la 6\u00e8me place du scratch de la Montagnole. Et il est premier de sa cat\u00e9gorie ! Un grand bravo ! Jean-Olivier, avec ses jambes fringuantes s&rsquo;attaque \u00e0 l&rsquo;XXL. David lui est \u00e0 l&rsquo;agonie dans la mont\u00e9e, la chaleur \u00e9crasante \u00e0 raison de son entrain et le compteur de vitesse \u00e0 du mal \u00e0 afficher 2 chiffres au dessus de la virgule&#8230; Il s&rsquo;arr\u00eate aux Cabanes en 34 \u00e8me position et 4\u00e8me de sa cat\u00e9gorie, d\u00e9\u00e7u. Non pas de rater le podium \u00e0 quelques minutes, mais de ne plus avoir de jambes pour monter \u00e0 Beille. Un peu plus loin Claude et Francis oblique aussi \u00e0 gauche vers \u00ab\u00a0LE\u00a0\u00bb plateau. Un plateau qui n&rsquo;est pas un cadeau par cette chaleur ! Sauf pour Jean-Olivier qui a retrouv\u00e9 un second souffle et si il faibli un peu dans les derniers kilom\u00e8tres, et perd 1 ou 2 places, il met \u00e0 peine plus d&rsquo;une heure 20 pour franchir les 16 kilom\u00e8tres. Il fini 18\u00e8me du scratch et 4\u00e8me de sa cat\u00e9gorie, content de sa perf, et surtout d&rsquo;\u00eatre mont\u00e9 au plateau. Pour Claude et Francis l&rsquo;histoire n&rsquo;est pas tout \u00e0 fait la m\u00eame, Claude mettra 4 fois pied \u00e0 terre pour rejoindre l&rsquo;arriv\u00e9e tout l\u00e0-haut. Mais il ne sera pas venu pour rien, en effet le laur\u00e9at du v\u00e9lo \u00e0 la tombola c&rsquo;est &#8230;. Claude. M\u00eame quand il ne gagne pas il gagne quand m\u00eame !!!! Yannick bien parti se dit que il est l\u00e0 lui aussi pour aller en haut. Tout l\u00e0 haut sur le plateau, mais apr\u00e8s 6 kilom\u00e8tres la chaleur \u00e0 raison de son envie d&rsquo;XXL, demi tour direction la ligne d&rsquo;arriv\u00e9e de la Montagnole. Bravo d&rsquo;avoir tent\u00e9 !<br \/>\nEnfin derri\u00e8re, Gilles a abandonn\u00e9 Laurent dans le pas de Souloumbri\u00e9. L\u00e0 c&rsquo;est un vrai chantier, les cyclistes s&rsquo;arr\u00eatent, marchent, s&rsquo;arrosent \u00e0 la moindre fontaine. Gilles et Laurent profiteront aussi de cette fontaine dans le village. Eux n&rsquo;opteront pas pour Beille trop chaud !<\/p>\n<p>Entre temps S\u00e9bastien, sur l&rsquo;ari\u00e9geoise est arriv\u00e9 \u00e0 bon port, enfin pas celui pr\u00e9vu. Lui aussi apr\u00e8s une panne d&rsquo;essence dans le Souloumbri\u00e9 d\u00e9cide d&rsquo;\u00e9courter la petite balade. Mais, trop fatigu\u00e9 sans doute, il se dirige pourtant vers le plateau, ce n&rsquo;est qu&rsquo;en voyant le grand panneau Beille \u00e0 16 kilom\u00e8tres qu&rsquo;il comprend que la ligne d&rsquo;arriv\u00e9e n&rsquo;est pas l\u00e0. Eric lui, retrouve le fiston \u00e0 la sortie de Bompas. Il a mis pied \u00e0 terre. Ce n&rsquo;est pas bon signe. Effectivement Tanguy \u00e9puis\u00e9 par la chaleur et le surentra\u00eenement, d\u00e9cide de se diriger sagement vers la voiture gar\u00e9e \u00e0 Ussat. Les 93 kilom\u00e8tres effectu\u00e9s sont d\u00e9j\u00e0 un exploit pour lui. Eric n&rsquo;insiste pas et le laisse rebrousser chemin. Mais pour Eric c&rsquo;est le d\u00e9but du calvaire. \u00c7a n&rsquo;avance pas, il fait chaud, et m\u00eame apr\u00e8s Cazenave c&rsquo;est encore compliqu\u00e9 des d\u00e9buts de crampes l&rsquo;oblige \u00e0 ralentir encore. Dans la descente, une crampe se d\u00e9clenche quand au moment de doubler une voiture de l&rsquo;organisation dans une \u00e9pingle, celle-ci acc\u00e9l\u00e8re puis freine, et Eric manque de peu de s\u2019emplafonner dans la porti\u00e8re du chauffard&#8230; Il arrivera sur la ligne pour retrouver Laurent et Gilles qui ont fini la Montagnole. Derri\u00e8re Thierry est revenu \u00e0 une dizaine de minutes d&rsquo;Eric au profit de la vall\u00e9e qu&rsquo;il a men\u00e9 tambour battant. Mais dans l&rsquo;ascension c&rsquo;est tout \u00e0 gauche, Thierry avait oubli\u00e9 qu&rsquo;il fallait repasser par ce \u00ab\u00a0petit\u00a0\u00bb col avant de se pr\u00e9senter au plateau. Un bien mauvaise surprise. Comme il a d\u00e9cid\u00e9 de rejoindre Beille il g\u00e8re, tranquille, pour \u00eatre sur d&rsquo;arriver l\u00e0 haut. Derri\u00e8re Jean-Marc saute le ravito de Mercus, Dominique lui prudent s&rsquo;arr\u00eate et profite. Ensuite chacun monte de son c\u00f4t\u00e9. Dans la descente la roue avant de Jean-Marc \u00e9clate. Et sur cette route \u00e9troite au bitume rugueux, c&rsquo;est la chute in\u00e9vitable. Plus de peur que de mal, m\u00eame si Jean-Marc doit monter dans l&rsquo;ambulance, mais beaucoup de verni laiss\u00e9 sur la route et une grosse frayeur. Nos autres co\u00e9quipiers s&rsquo;arr\u00eatent sagement \u00e0 Tarascon, ils ont d&rsquo;autres objectifs \u00e0 tenir tr\u00e8s bient\u00f4t. Mais Thierry, lui a les bidons et les poches pleines, le ravitaillement c&rsquo;est important. Il s&rsquo;attaque donc \u00e0 la mont\u00e9e vers Beille, charg\u00e9 d&rsquo;au moins 1,5 kilo d\u2019exc\u00e9dent de bagages&#8230; Et c&rsquo;est parti pour 16 kilom\u00e8tres, la gal\u00e8re commence, les kilom\u00e8tres ne d\u00e9filent pas. Thierry ne gamberge pas, tout \u00e0 gauche (36*28 quand m\u00eame) et on il y va tranquillou. mais \u00e0 7 ou 8km\/h la route est longue, il esp\u00e8re croiser des coll\u00e8gues qui redescendent, mais non, personne. Alors il pense \u00e0 plein de choses pour faire passer le temps. Il regarde la moyenne chuter, il sait que pour les 8 heures c&rsquo;est mort&#8230; Mais avec plus de 6 semaines d&rsquo;arr\u00eat et une reprise il y a 2 mois, il ne se plaint pas. Il ne sais pas qu&rsquo;il est le premier du club \u00e0 s&rsquo;\u00eatre attaquer \u00e0 l&rsquo;Ari\u00e9geoise XXL, et \u00e0 l&rsquo;avoir fini, le second c&rsquo;est Franck pas tr\u00e8s loin derri\u00e8re, mais lui aussi vaincu par cette chaleur etouffante.<br \/>\nAlors tout le club te dit BRAVO THIERRY ! Respect ! Les autres se sont d\u00e9gonfl\u00e9s, ont \u00e9clat\u00e9 (dans tous les sens du terme&#8230;) vaincu par la chaleur, et ce malgr\u00e9 un entrainement assidu, et toi avec un mental terrible tu es arriv\u00e9 en haut, un seul mot BRAVO.<\/p>\n<p><img loading=\"lazy\" decoding=\"async\" src=\"https:\/\/lunioncycliste31.fr\/wp-content\/uploads\/2018\/07\/20180630_075104-1024x768.jpg\" alt=\"\" width=\"750\" height=\"563\" class=\"aligncenter size-large wp-image-1458\" srcset=\"https:\/\/www.lunioncycliste31.fr\/wp-content\/uploads\/2018\/07\/20180630_075104-1024x768.jpg 1024w, https:\/\/www.lunioncycliste31.fr\/wp-content\/uploads\/2018\/07\/20180630_075104-300x225.jpg 300w, https:\/\/www.lunioncycliste31.fr\/wp-content\/uploads\/2018\/07\/20180630_075104-768x576.jpg 768w, https:\/\/www.lunioncycliste31.fr\/wp-content\/uploads\/2018\/07\/20180630_075104.jpg 2048w\" sizes=\"auto, (max-width: 750px) 100vw, 750px\" \/> <img loading=\"lazy\" decoding=\"async\" src=\"https:\/\/lunioncycliste31.fr\/wp-content\/uploads\/2018\/07\/20180630_075120-e1530566545746-768x1024.jpg\" alt=\"\" width=\"750\" height=\"1000\" class=\"aligncenter size-large wp-image-1459\" srcset=\"https:\/\/www.lunioncycliste31.fr\/wp-content\/uploads\/2018\/07\/20180630_075120-e1530566545746-768x1024.jpg 768w, https:\/\/www.lunioncycliste31.fr\/wp-content\/uploads\/2018\/07\/20180630_075120-e1530566545746-225x300.jpg 225w, https:\/\/www.lunioncycliste31.fr\/wp-content\/uploads\/2018\/07\/20180630_075120-e1530566545746.jpg 1536w\" sizes=\"auto, (max-width: 750px) 100vw, 750px\" \/> <img loading=\"lazy\" decoding=\"async\" src=\"https:\/\/lunioncycliste31.fr\/wp-content\/uploads\/2018\/07\/20180630_151658-1024x503.jpg\" alt=\"\" width=\"750\" height=\"368\" class=\"aligncenter size-large wp-image-1461\" srcset=\"https:\/\/www.lunioncycliste31.fr\/wp-content\/uploads\/2018\/07\/20180630_151658-1024x503.jpg 1024w, https:\/\/www.lunioncycliste31.fr\/wp-content\/uploads\/2018\/07\/20180630_151658-300x147.jpg 300w, https:\/\/www.lunioncycliste31.fr\/wp-content\/uploads\/2018\/07\/20180630_151658-768x377.jpg 768w, https:\/\/www.lunioncycliste31.fr\/wp-content\/uploads\/2018\/07\/20180630_151658.jpg 2048w\" sizes=\"auto, (max-width: 750px) 100vw, 750px\" \/> <img loading=\"lazy\" decoding=\"async\" src=\"https:\/\/lunioncycliste31.fr\/wp-content\/uploads\/2018\/07\/20180701_200705-1024x784.jpg\" alt=\"\" width=\"750\" height=\"574\" class=\"aligncenter size-large wp-image-1462\" srcset=\"https:\/\/www.lunioncycliste31.fr\/wp-content\/uploads\/2018\/07\/20180701_200705-1024x784.jpg 1024w, https:\/\/www.lunioncycliste31.fr\/wp-content\/uploads\/2018\/07\/20180701_200705-300x230.jpg 300w, https:\/\/www.lunioncycliste31.fr\/wp-content\/uploads\/2018\/07\/20180701_200705-768x588.jpg 768w, https:\/\/www.lunioncycliste31.fr\/wp-content\/uploads\/2018\/07\/20180701_200705.jpg 1057w\" sizes=\"auto, (max-width: 750px) 100vw, 750px\" \/> <img loading=\"lazy\" decoding=\"async\" src=\"https:\/\/lunioncycliste31.fr\/wp-content\/uploads\/2018\/07\/IMG_20180630_082038914-1024x768.jpg\" alt=\"\" width=\"750\" height=\"563\" class=\"aligncenter size-large wp-image-1463\" srcset=\"https:\/\/www.lunioncycliste31.fr\/wp-content\/uploads\/2018\/07\/IMG_20180630_082038914-1024x768.jpg 1024w, https:\/\/www.lunioncycliste31.fr\/wp-content\/uploads\/2018\/07\/IMG_20180630_082038914-300x225.jpg 300w, https:\/\/www.lunioncycliste31.fr\/wp-content\/uploads\/2018\/07\/IMG_20180630_082038914-768x576.jpg 768w, https:\/\/www.lunioncycliste31.fr\/wp-content\/uploads\/2018\/07\/IMG_20180630_082038914.jpg 2048w\" sizes=\"auto, (max-width: 750px) 100vw, 750px\" \/> <img loading=\"lazy\" decoding=\"async\" src=\"https:\/\/lunioncycliste31.fr\/wp-content\/uploads\/2018\/07\/IMG_20180630_091830336_BURST000_COVER_TOP-768x1024.jpg\" alt=\"\" width=\"750\" height=\"1000\" class=\"aligncenter size-large wp-image-1464\" srcset=\"https:\/\/www.lunioncycliste31.fr\/wp-content\/uploads\/2018\/07\/IMG_20180630_091830336_BURST000_COVER_TOP-768x1024.jpg 768w, https:\/\/www.lunioncycliste31.fr\/wp-content\/uploads\/2018\/07\/IMG_20180630_091830336_BURST000_COVER_TOP-225x300.jpg 225w, https:\/\/www.lunioncycliste31.fr\/wp-content\/uploads\/2018\/07\/IMG_20180630_091830336_BURST000_COVER_TOP.jpg 1536w\" sizes=\"auto, (max-width: 750px) 100vw, 750px\" \/> <img loading=\"lazy\" decoding=\"async\" src=\"https:\/\/lunioncycliste31.fr\/wp-content\/uploads\/2018\/07\/IMG_20180630_093933929_BURST000_COVER_TOP-768x1024.jpg\" alt=\"\" width=\"750\" height=\"1000\" class=\"aligncenter size-large wp-image-1465\" srcset=\"https:\/\/www.lunioncycliste31.fr\/wp-content\/uploads\/2018\/07\/IMG_20180630_093933929_BURST000_COVER_TOP-768x1024.jpg 768w, https:\/\/www.lunioncycliste31.fr\/wp-content\/uploads\/2018\/07\/IMG_20180630_093933929_BURST000_COVER_TOP-225x300.jpg 225w, https:\/\/www.lunioncycliste31.fr\/wp-content\/uploads\/2018\/07\/IMG_20180630_093933929_BURST000_COVER_TOP.jpg 1536w\" sizes=\"auto, (max-width: 750px) 100vw, 750px\" \/> <img loading=\"lazy\" decoding=\"async\" src=\"https:\/\/lunioncycliste31.fr\/wp-content\/uploads\/2018\/07\/IMG_20180630_094614416-768x1024.jpg\" alt=\"\" width=\"750\" height=\"1000\" class=\"aligncenter size-large wp-image-1466\" srcset=\"https:\/\/www.lunioncycliste31.fr\/wp-content\/uploads\/2018\/07\/IMG_20180630_094614416-768x1024.jpg 768w, https:\/\/www.lunioncycliste31.fr\/wp-content\/uploads\/2018\/07\/IMG_20180630_094614416-225x300.jpg 225w, https:\/\/www.lunioncycliste31.fr\/wp-content\/uploads\/2018\/07\/IMG_20180630_094614416.jpg 1536w\" sizes=\"auto, (max-width: 750px) 100vw, 750px\" \/> <img loading=\"lazy\" decoding=\"async\" src=\"https:\/\/lunioncycliste31.fr\/wp-content\/uploads\/2018\/07\/IMG_20180630_112757083-768x1024.jpg\" alt=\"\" width=\"750\" height=\"1000\" class=\"aligncenter size-large wp-image-1467\" srcset=\"https:\/\/www.lunioncycliste31.fr\/wp-content\/uploads\/2018\/07\/IMG_20180630_112757083-768x1024.jpg 768w, https:\/\/www.lunioncycliste31.fr\/wp-content\/uploads\/2018\/07\/IMG_20180630_112757083-225x300.jpg 225w, https:\/\/www.lunioncycliste31.fr\/wp-content\/uploads\/2018\/07\/IMG_20180630_112757083.jpg 1536w\" sizes=\"auto, (max-width: 750px) 100vw, 750px\" \/> <img loading=\"lazy\" decoding=\"async\" src=\"https:\/\/lunioncycliste31.fr\/wp-content\/uploads\/2018\/07\/IMG_20180630_114052095-1024x768.jpg\" alt=\"\" width=\"750\" height=\"563\" class=\"aligncenter size-large wp-image-1468\" srcset=\"https:\/\/www.lunioncycliste31.fr\/wp-content\/uploads\/2018\/07\/IMG_20180630_114052095-1024x768.jpg 1024w, https:\/\/www.lunioncycliste31.fr\/wp-content\/uploads\/2018\/07\/IMG_20180630_114052095-300x225.jpg 300w, https:\/\/www.lunioncycliste31.fr\/wp-content\/uploads\/2018\/07\/IMG_20180630_114052095-768x576.jpg 768w, https:\/\/www.lunioncycliste31.fr\/wp-content\/uploads\/2018\/07\/IMG_20180630_114052095.jpg 2048w\" sizes=\"auto, (max-width: 750px) 100vw, 750px\" \/> <img loading=\"lazy\" decoding=\"async\" src=\"https:\/\/lunioncycliste31.fr\/wp-content\/uploads\/2018\/07\/IMG_20180630_133902294-768x1024.jpg\" alt=\"\" width=\"750\" height=\"1000\" class=\"aligncenter size-large wp-image-1469\" srcset=\"https:\/\/www.lunioncycliste31.fr\/wp-content\/uploads\/2018\/07\/IMG_20180630_133902294-768x1024.jpg 768w, https:\/\/www.lunioncycliste31.fr\/wp-content\/uploads\/2018\/07\/IMG_20180630_133902294-225x300.jpg 225w, https:\/\/www.lunioncycliste31.fr\/wp-content\/uploads\/2018\/07\/IMG_20180630_133902294.jpg 1536w\" sizes=\"auto, (max-width: 750px) 100vw, 750px\" \/> <img loading=\"lazy\" decoding=\"async\" src=\"https:\/\/lunioncycliste31.fr\/wp-content\/uploads\/2018\/07\/IMG_20180630_142721450-1024x768.jpg\" alt=\"\" width=\"750\" height=\"563\" class=\"aligncenter size-large wp-image-1470\" srcset=\"https:\/\/www.lunioncycliste31.fr\/wp-content\/uploads\/2018\/07\/IMG_20180630_142721450-1024x768.jpg 1024w, https:\/\/www.lunioncycliste31.fr\/wp-content\/uploads\/2018\/07\/IMG_20180630_142721450-300x225.jpg 300w, https:\/\/www.lunioncycliste31.fr\/wp-content\/uploads\/2018\/07\/IMG_20180630_142721450-768x576.jpg 768w, https:\/\/www.lunioncycliste31.fr\/wp-content\/uploads\/2018\/07\/IMG_20180630_142721450.jpg 2048w\" sizes=\"auto, (max-width: 750px) 100vw, 750px\" \/> <img loading=\"lazy\" decoding=\"async\" src=\"https:\/\/lunioncycliste31.fr\/wp-content\/uploads\/2018\/07\/IMG_20180630_150231086_BURST000_COVER_TOP-1024x768.jpg\" alt=\"\" width=\"750\" height=\"563\" class=\"aligncenter size-large wp-image-1471\" srcset=\"https:\/\/www.lunioncycliste31.fr\/wp-content\/uploads\/2018\/07\/IMG_20180630_150231086_BURST000_COVER_TOP-1024x768.jpg 1024w, https:\/\/www.lunioncycliste31.fr\/wp-content\/uploads\/2018\/07\/IMG_20180630_150231086_BURST000_COVER_TOP-300x225.jpg 300w, https:\/\/www.lunioncycliste31.fr\/wp-content\/uploads\/2018\/07\/IMG_20180630_150231086_BURST000_COVER_TOP-768x576.jpg 768w, https:\/\/www.lunioncycliste31.fr\/wp-content\/uploads\/2018\/07\/IMG_20180630_150231086_BURST000_COVER_TOP.jpg 2048w\" sizes=\"auto, (max-width: 750px) 100vw, 750px\" \/> <img loading=\"lazy\" decoding=\"async\" src=\"https:\/\/lunioncycliste31.fr\/wp-content\/uploads\/2018\/07\/IMG-20180630-WA0003-1024x768.jpg\" alt=\"\" width=\"750\" height=\"563\" class=\"aligncenter size-large wp-image-1472\" srcset=\"https:\/\/www.lunioncycliste31.fr\/wp-content\/uploads\/2018\/07\/IMG-20180630-WA0003-1024x768.jpg 1024w, https:\/\/www.lunioncycliste31.fr\/wp-content\/uploads\/2018\/07\/IMG-20180630-WA0003-300x225.jpg 300w, https:\/\/www.lunioncycliste31.fr\/wp-content\/uploads\/2018\/07\/IMG-20180630-WA0003-768x576.jpg 768w, https:\/\/www.lunioncycliste31.fr\/wp-content\/uploads\/2018\/07\/IMG-20180630-WA0003.jpg 1600w\" sizes=\"auto, (max-width: 750px) 100vw, 750px\" \/><\/p>\n<h3><strong>R\u00e9sultats :<\/strong><\/h3>\n<p><strong>Ar\u00e9geoise XXL<\/strong><br \/>\nThierry Gonnard : 145\u00e8me Scratch; 15\u00e8me Cat\u00e9gorie; temps 8:33:31<br \/>\nFranck Dedieu : 161\u00e8me(S); 12\u00e8me(C); 8:42:24<\/p>\n<p><strong>Ari\u00e9geoise<\/strong><br \/>\nS\u00e9bastien Bernard : 96\u00e8me(S); 31\u00e8me(C); 6:05:05<br \/>\nEric Le Calvez : 152\u00e8me(S) 25\u00e8me(C); 6:20:49<br \/>\nDominique Costadoat : 240\u00e8me(S); 20\u00e8me(C); 6:39:32<br \/>\nOlivier Ponce : 281\u00e8me(S); 47\u00e8me(C); 6:47:13<br \/>\nMathieu Dalla Barba : 301\u00e8me(S); 47\u00e8me(C); 6:51:12<br \/>\nAlain Dufau : 309\u00e8me(S); 21\u00e8me(C); 6:52:55<br \/>\nEric Bonte : 428\u00e8me(S); 44\u00e8me(C); 7:12:55<br \/>\nAlain Maury : 508\u00e8me(S); 59\u00e8me(C); 7:27:08<br \/>\nJean-Marc Vaqui\u00e9 : 521\u00e8me(S); 60\u00e8me(C); 7:29:29 *<\/p>\n<p><strong>Montagnole XXL<\/strong><br \/>\nJean-Olivier Pellier : 18\u00e8me(S); 4\u00e8me(C); 4:36:11<br \/>\nClaude Galmard : 208\u00e8me(S); 11\u00e8me(C); 5:31:03<br \/>\nFrancis Wohlwend : 227\u00e8me(S); 31\u00e8me(C); 5:33:40<\/p>\n<p><strong>Montagnole<\/strong><br \/>\nChristian Cabal : 6\u00e8me(S); 1er(C); 3:14:57<br \/>\nDavid Pocq : 31\u00e8me(S); 4\u00e8me(C); 3:29:04<br \/>\nGilles Hannon : 1074\u00e8me(S); 131\u00e8me(C); 5:22:08<br \/>\nYannick L\u00e9aut\u00e9 : 1090\u00e8me(S); 130\u00e8me(C); 5:23:50<br \/>\nLaurent Dubroca : 1219\u00e8me(S); 156\u00e8me(C); 5:43:19<br \/>\nTanguy Le Calvez ABD KM93<\/p>\n<p>&nbsp;<\/p>\n<p>&nbsp;<\/p>\n","protected":false},"excerpt":{"rendered":"<p>Traditionnellement le dernier samedi de juin notre club migre en masse vers Tarascon, pour disputer la grande cyclosportive des Pyr\u00e9n\u00e9es. Cette ann\u00e9e le soleil et la chaleur sont au rendez-vous. [&hellip;]<\/p>\n","protected":false},"author":1,"featured_media":1464,"comment_status":"open","ping_status":"open","sticky":false,"template":"","format":"standard","meta":{"footnotes":""},"categories":[12,41],"tags":[],"class_list":["post-1448","post","type-post","status-publish","format-standard","has-post-thumbnail","hentry","category-cyclosportive","category-cyclosportives-2018"],"_links":{"self":[{"href":"https:\/\/www.lunioncycliste31.fr\/index.php\/wp-json\/wp\/v2\/posts\/1448","targetHints":{"allow":["GET"]}}],"collection":[{"href":"https:\/\/www.lunioncycliste31.fr\/index.php\/wp-json\/wp\/v2\/posts"}],"about":[{"href":"https:\/\/www.lunioncycliste31.fr\/index.php\/wp-json\/wp\/v2\/types\/post"}],"author":[{"embeddable":true,"href":"https:\/\/www.lunioncycliste31.fr\/index.php\/wp-json\/wp\/v2\/users\/1"}],"replies":[{"embeddable":true,"href":"https:\/\/www.lunioncycliste31.fr\/index.php\/wp-json\/wp\/v2\/comments?post=1448"}],"version-history":[{"count":10,"href":"https:\/\/www.lunioncycliste31.fr\/index.php\/wp-json\/wp\/v2\/posts\/1448\/revisions"}],"predecessor-version":[{"id":1475,"href":"https:\/\/www.lunioncycliste31.fr\/index.php\/wp-json\/wp\/v2\/posts\/1448\/revisions\/1475"}],"wp:featuredmedia":[{"embeddable":true,"href":"https:\/\/www.lunioncycliste31.fr\/index.php\/wp-json\/wp\/v2\/media\/1464"}],"wp:attachment":[{"href":"https:\/\/www.lunioncycliste31.fr\/index.php\/wp-json\/wp\/v2\/media?parent=1448"}],"wp:term":[{"taxonomy":"category","embeddable":true,"href":"https:\/\/www.lunioncycliste31.fr\/index.php\/wp-json\/wp\/v2\/categories?post=1448"},{"taxonomy":"post_tag","embeddable":true,"href":"https:\/\/www.lunioncycliste31.fr\/index.php\/wp-json\/wp\/v2\/tags?post=1448"}],"curies":[{"name":"wp","href":"https:\/\/api.w.org\/{rel}","templated":true}]}}