{"id":1536,"date":"2018-09-11T22:08:19","date_gmt":"2018-09-11T20:08:19","guid":{"rendered":"https:\/\/lunioncycliste31.fr\/?p=1536"},"modified":"2018-09-11T22:08:19","modified_gmt":"2018-09-11T20:08:19","slug":"la-casartelli-9-09-2018","status":"publish","type":"post","link":"https:\/\/www.lunioncycliste31.fr\/index.php\/2018\/09\/11\/la-casartelli-9-09-2018\/","title":{"rendered":"La Casartelli 9\/09\/2018"},"content":{"rendered":"<p>Sur cette classique du mois de septembre 3 de nos soci\u00e9taires se sont distingu\u00e9s :<\/p>\n<p>Sur la d\u00e9couverte (102kms) c&rsquo;est Claude, l&rsquo;infatigable, qui prend une 71\u00e8me place au scratch mais la seconde place de sa cat\u00e9gorie.<\/p>\n<p>Sur la Marco (63kms) El\u00e9na et Christian jouent des coudes et finissent premier de leur cat\u00e9gorie, et respectivement premi\u00e8re f\u00e9minine et 3\u00e8me du scratch !!!<\/p>\n<p>Un grand bravo \u00e0 eux, les vacances ont \u00e9t\u00e9 mises \u00e0 profit pour parfaire la condition&#8230;<\/p>\n<p>https:\/\/www.ladepeche.fr\/article\/2018\/09\/10\/2865563-la-casartelli-863-concurrents-dans-les-cols-du-couserans.html<\/p>\n","protected":false},"excerpt":{"rendered":"<p>Sur cette classique du mois de septembre 3 de nos soci\u00e9taires se sont distingu\u00e9s : Sur la d\u00e9couverte (102kms) c&rsquo;est Claude, l&rsquo;infatigable, qui prend une 71\u00e8me place au scratch mais [&hellip;]<\/p>\n","protected":false},"author":1,"featured_media":1537,"comment_status":"open","ping_status":"open","sticky":false,"template":"","format":"standard","meta":{"footnotes":""},"categories":[12,41],"tags":[],"class_list":["post-1536","post","type-post","status-publish","format-standard","has-post-thumbnail","hentry","category-cyclosportive","category-cyclosportives-2018"],"_links":{"self":[{"href":"https:\/\/www.lunioncycliste31.fr\/index.php\/wp-json\/wp\/v2\/posts\/1536","targetHints":{"allow":["GET"]}}],"collection":[{"href":"https:\/\/www.lunioncycliste31.fr\/index.php\/wp-json\/wp\/v2\/posts"}],"about":[{"href":"https:\/\/www.lunioncycliste31.fr\/index.php\/wp-json\/wp\/v2\/types\/post"}],"author":[{"embeddable":true,"href":"https:\/\/www.lunioncycliste31.fr\/index.php\/wp-json\/wp\/v2\/users\/1"}],"replies":[{"embeddable":true,"href":"https:\/\/www.lunioncycliste31.fr\/index.php\/wp-json\/wp\/v2\/comments?post=1536"}],"version-history":[{"count":2,"href":"https:\/\/www.lunioncycliste31.fr\/index.php\/wp-json\/wp\/v2\/posts\/1536\/revisions"}],"predecessor-version":[{"id":1539,"href":"https:\/\/www.lunioncycliste31.fr\/index.php\/wp-json\/wp\/v2\/posts\/1536\/revisions\/1539"}],"wp:featuredmedia":[{"embeddable":true,"href":"https:\/\/www.lunioncycliste31.fr\/index.php\/wp-json\/wp\/v2\/media\/1537"}],"wp:attachment":[{"href":"https:\/\/www.lunioncycliste31.fr\/index.php\/wp-json\/wp\/v2\/media?parent=1536"}],"wp:term":[{"taxonomy":"category","embeddable":true,"href":"https:\/\/www.lunioncycliste31.fr\/index.php\/wp-json\/wp\/v2\/categories?post=1536"},{"taxonomy":"post_tag","embeddable":true,"href":"https:\/\/www.lunioncycliste31.fr\/index.php\/wp-json\/wp\/v2\/tags?post=1536"}],"curies":[{"name":"wp","href":"https:\/\/api.w.org\/{rel}","templated":true}]}}