{"id":1573,"date":"2018-09-26T22:20:25","date_gmt":"2018-09-26T20:20:25","guid":{"rendered":"https:\/\/lunioncycliste31.fr\/?p=1573"},"modified":"2018-12-20T19:24:46","modified_gmt":"2018-12-20T18:24:46","slug":"les-bosses-du-13-23-09-2018","status":"publish","type":"post","link":"https:\/\/www.lunioncycliste31.fr\/index.php\/2018\/09\/26\/les-bosses-du-13-23-09-2018\/","title":{"rendered":"Les Bosses du 13 &#8211; 23\/09\/2018"},"content":{"rendered":"<p>Les bosses du 13, derni\u00e8re \u00e9preuve du troph\u00e9e Label d&rsquo;Or de la FFC,\u00a0 s&rsquo;est d\u00e9roul\u00e9 dimanche dernier (23\/09\/2018)\u00a0 sous un beau soleil et ciel d\u00e9gag\u00e9 par un l\u00e9ger mistral.<\/p>\n<p>Franck repr\u00e9sente l&rsquo;UC31 avec l&rsquo;objectif de bien se classer et terminer sur le podium de ce troph\u00e9e, r\u00e9compensant les cyclosportifs de haut niveau et assidu sur un maximum d&rsquo;\u00e9preuves. Franck doit donc concourir sur le grand parcours de cette derni\u00e8re \u00e9preuve du troph\u00e9e\u00a0 label d\u2019or o\u00f9 l&rsquo;objectif est de monter sur le podium du grand parcours, 164 kms 2700 de d\u00e9nivel\u00e9.<\/p>\n<p>Franck est 4 \u00e8me du classement du troph\u00e9e avant le d\u00e9part de l\u2019\u00e9preuve. L&rsquo;objectif est de finir avant le 3\u00e8me\u00a0 pour\u00a0 pouvoir monter sur le podium. Le contrat est simple et la pression r\u00e9elle.<\/p>\n<p>Mais Franck rel\u00e8ve le d\u00e9fi et se donne \u00e0 fond tout au long de l&rsquo;\u00e9preuve. Contrat remplit ! Franck arrive 17min avant le troisi\u00e8me en 5h 42 min \u00e0 29 km\/h de moyenne et 4\u00e8me de sa cat\u00e9gorie.<\/p>\n<p>Bravo Franck pour cette \u00e9preuve et surtout pour ta r\u00e9gularit\u00e9 tout au long de cette saison.<\/p>\n<p><img loading=\"lazy\" decoding=\"async\" class=\"aligncenter size-large wp-image-1574\" src=\"https:\/\/lunioncycliste31.fr\/wp-content\/uploads\/2018\/09\/Screenshot_20180925-092541_Facebook-1024x576.jpg\" alt=\"\" width=\"750\" height=\"422\" srcset=\"https:\/\/www.lunioncycliste31.fr\/wp-content\/uploads\/2018\/09\/Screenshot_20180925-092541_Facebook-1024x576.jpg 1024w, https:\/\/www.lunioncycliste31.fr\/wp-content\/uploads\/2018\/09\/Screenshot_20180925-092541_Facebook-300x169.jpg 300w, https:\/\/www.lunioncycliste31.fr\/wp-content\/uploads\/2018\/09\/Screenshot_20180925-092541_Facebook-768x432.jpg 768w, https:\/\/www.lunioncycliste31.fr\/wp-content\/uploads\/2018\/09\/Screenshot_20180925-092541_Facebook.jpg 2048w\" sizes=\"auto, (max-width: 750px) 100vw, 750px\" \/> <img loading=\"lazy\" decoding=\"async\" class=\"aligncenter size-large wp-image-1575\" src=\"https:\/\/lunioncycliste31.fr\/wp-content\/uploads\/2018\/09\/IMG_20180923_160303-1024x768.jpg\" alt=\"\" width=\"750\" height=\"563\" srcset=\"https:\/\/www.lunioncycliste31.fr\/wp-content\/uploads\/2018\/09\/IMG_20180923_160303-1024x768.jpg 1024w, https:\/\/www.lunioncycliste31.fr\/wp-content\/uploads\/2018\/09\/IMG_20180923_160303-300x225.jpg 300w, https:\/\/www.lunioncycliste31.fr\/wp-content\/uploads\/2018\/09\/IMG_20180923_160303-768x576.jpg 768w, https:\/\/www.lunioncycliste31.fr\/wp-content\/uploads\/2018\/09\/IMG_20180923_160303.jpg 2048w\" sizes=\"auto, (max-width: 750px) 100vw, 750px\" \/><\/p>\n<p>&nbsp;<\/p>\n","protected":false},"excerpt":{"rendered":"<p>Les bosses du 13, derni\u00e8re \u00e9preuve du troph\u00e9e Label d&rsquo;Or de la FFC,\u00a0 s&rsquo;est d\u00e9roul\u00e9 dimanche dernier (23\/09\/2018)\u00a0 sous un beau soleil et ciel d\u00e9gag\u00e9 par un l\u00e9ger mistral. Franck [&hellip;]<\/p>\n","protected":false},"author":1,"featured_media":1574,"comment_status":"open","ping_status":"open","sticky":false,"template":"","format":"standard","meta":{"footnotes":""},"categories":[12,41],"tags":[],"class_list":["post-1573","post","type-post","status-publish","format-standard","has-post-thumbnail","hentry","category-cyclosportive","category-cyclosportives-2018"],"_links":{"self":[{"href":"https:\/\/www.lunioncycliste31.fr\/index.php\/wp-json\/wp\/v2\/posts\/1573","targetHints":{"allow":["GET"]}}],"collection":[{"href":"https:\/\/www.lunioncycliste31.fr\/index.php\/wp-json\/wp\/v2\/posts"}],"about":[{"href":"https:\/\/www.lunioncycliste31.fr\/index.php\/wp-json\/wp\/v2\/types\/post"}],"author":[{"embeddable":true,"href":"https:\/\/www.lunioncycliste31.fr\/index.php\/wp-json\/wp\/v2\/users\/1"}],"replies":[{"embeddable":true,"href":"https:\/\/www.lunioncycliste31.fr\/index.php\/wp-json\/wp\/v2\/comments?post=1573"}],"version-history":[{"count":2,"href":"https:\/\/www.lunioncycliste31.fr\/index.php\/wp-json\/wp\/v2\/posts\/1573\/revisions"}],"predecessor-version":[{"id":1788,"href":"https:\/\/www.lunioncycliste31.fr\/index.php\/wp-json\/wp\/v2\/posts\/1573\/revisions\/1788"}],"wp:featuredmedia":[{"embeddable":true,"href":"https:\/\/www.lunioncycliste31.fr\/index.php\/wp-json\/wp\/v2\/media\/1574"}],"wp:attachment":[{"href":"https:\/\/www.lunioncycliste31.fr\/index.php\/wp-json\/wp\/v2\/media?parent=1573"}],"wp:term":[{"taxonomy":"category","embeddable":true,"href":"https:\/\/www.lunioncycliste31.fr\/index.php\/wp-json\/wp\/v2\/categories?post=1573"},{"taxonomy":"post_tag","embeddable":true,"href":"https:\/\/www.lunioncycliste31.fr\/index.php\/wp-json\/wp\/v2\/tags?post=1573"}],"curies":[{"name":"wp","href":"https:\/\/api.w.org\/{rel}","templated":true}]}}