{"id":1803,"date":"2018-12-29T21:21:19","date_gmt":"2018-12-29T20:21:19","guid":{"rendered":"https:\/\/www.lunioncycliste31.fr\/?p=1803"},"modified":"2019-05-06T23:03:50","modified_gmt":"2019-05-06T21:03:50","slug":"quand-luc31-decide-dorganiser-un-cyclo-cross","status":"publish","type":"post","link":"https:\/\/www.lunioncycliste31.fr\/index.php\/2018\/12\/29\/quand-luc31-decide-dorganiser-un-cyclo-cross\/","title":{"rendered":"Quand l&rsquo;UC31 d\u00e9cide d&rsquo;organiser un Cyclo-Cross"},"content":{"rendered":"<p>D\u00e9but octobre, l&rsquo;UC31 \u00e9met l&rsquo;id\u00e9e d&rsquo;organiser un cyclocross le 23 d\u00e9cembre dans le cadre du calendrier FSGT.<\/p>\n<p>Jean Olivier\u00a0PELLIER, David et Alain POCQ prennent\u00a0en charge ce dossier.<\/p>\n<p>Premi\u00e8re \u00e9tape : Trouver un site sur la commune de l&rsquo;UNION avec l&rsquo;accord de la Municipalit\u00e9. Apr\u00e8s\u00a0deux propositions refus\u00e9es, beaucoup d&rsquo;\u00e9changes par mails et des moments de d\u00e9couragement, l&rsquo;espace\u00a0Skate\u00a0derri\u00e8re CALICEO est enfin trouv\u00e9 et retenu.<\/p>\n<p>Deuxi\u00e8me \u00e9tape : obtenir\u00a0 un arr\u00eat\u00e9\u00a0municipal valid\u00e9 par la Police Municipale. Nouvelles difficult\u00e9s, l&rsquo;interpr\u00e9tation du d\u00e9cret national de 2017 n&rsquo;\u00e9tant pas identique pour tous. Apr\u00e8s diff\u00e9rents \u00e9changes et d\u00e9placements,\u00a0les conseils de la FFC et de la FSGT, l&rsquo;autorisation municipale est officialis\u00e9e sans passer par les services de la Pr\u00e9fecture.<\/p>\n<p>Une campagne de communication est organis\u00e9e, au travers d&rsquo;un support r\u00e9alis\u00e9 par Eric LE CALVEZ : diffusion sur le journal L&rsquo;UNIONAIS, flyers aupr\u00e9s des commer\u00e7ants, affiches grand format sur les panneaux municipaux, trois articles sur LA D\u00c9P\u00caCHE.<\/p>\n<p>L&rsquo;UC31 \u00e9tant affili\u00e9 \u00e0 la FSGT, les dirigeants d\u00e9cident cependant d&rsquo;ouvrir l&rsquo;\u00e9preuve aux autres f\u00e9d\u00e9rations (FFC et UFOLEP) et aux Non Licenci\u00e9s pour obtenir le plus beau plateau avant les f\u00eates de No\u00ebl. Une op\u00e9ration lobbying\u00a0\u00a0est donc lanc\u00e9e\u00a0par Jean Olivier, Pierre Mathieu et David pour solliciter la pr\u00e9sence de coureurs de renom comme Maxence\u00a0MONCASSIN (n\u00e9o professionnel \u00e0 compter du 1 janvier 2019), Th\u00e9o\u00a0DELMAS (jeune plein d&rsquo;avenir aux portes de\u00a0l&rsquo;Equipe de France Junior) ainsi que les meilleurs licenci\u00e9s de la FSGT.<\/p>\n<div class=\"yj6qo ajU\">\n<p>Une telle organisation n\u00e9cessite quelques moyens financiers pour la r\u00e9alisation des lots aux diff\u00e9rents vainqueurs. Jean Olivier et David se charge de cette d\u00e9marche aupr\u00e8s des commer\u00e7ants du centre commercial ST CAPRAIS, Dominique et Alain prenant contact avec CALICEO. L&rsquo;op\u00e9ration se r\u00e9v\u00e8le une r\u00e9ussite, \u00e0 renouveler pour l&rsquo;avenir.<\/p>\n<p>Derni\u00e8re \u00e9tape : la pr\u00e9paration du circuit. Apr\u00e8s une premi\u00e8re reconnaissance, op\u00e9ration d\u00e9broussailleuses et tondeuses le 8 d\u00e9cembre par Jean Olivier, David, Alain et Michel\u00a0(5 heures de travail rendent ces b\u00e9n\u00e9voles un peu plus sp\u00e9cialistes en mati\u00e8re d&rsquo;entretien ext\u00e9rieur!!!!).<br \/>\nEn parall\u00e8le, recensement et regroupement de tout le mat\u00e9riel n\u00e9cessaire pour le balisage (rubalise et piquets) et l&rsquo;animation (4 barnums, podium livr\u00e9 par la municipalit\u00e9, groupe \u00e9lectrog\u00e8ne pour la sono, tables, chaises, barbecue&#8230;).<\/p>\n<p>Compte tenu du temps doux et humide de cette fin d&rsquo;ann\u00e9e 2018, l&rsquo;herbe a rapidement repouss\u00e9 entra\u00eenant une deuxi\u00e8me op\u00e9ration tondeuses par Jean Olivier et Alain la veille de l&rsquo;\u00e9preuve.<\/p>\n<p>Jour J<\/p>\n<p>Le 23 d\u00e9cembre d\u00e8s 9 H. rendez-vous sur le site pour Alain DAURIAC (VC ROQUETTES), Jean Olivier et Pierre\u00a0Mathieu PELLIER,\u00a0Dominique NADAUD (malgr\u00e9 son genou r\u00e9calcitrant), Alain DUFAU (avec le ravitaillement), Alain MAURY, Robert GAY, Eric BONTE, Serge LOCCI, Michel VERGER, Eric LE CALVEZ, Claude GALMARD, David et Alain POCQ: balisage d&rsquo;un peu plus de 2 kms de circuit, installation des barnums, d\u00e9placement d&rsquo;une vingtaine de barri\u00e8res. Cette matin\u00e9e de travail intense est cl\u00f4tur\u00e9e par des grillades de saucisses dans la bonne humeur et l&rsquo;amiti\u00e9.<\/p>\n<p>14 H.: arriv\u00e9e des commissaires (Myriam FAURESSE, Alain PUGNET, Alain DAURIAC) et speaker FSGT (Ren\u00e9 MASSE), d\u00e9but des engagements au fur et \u00e0 mesure de l&rsquo;arriv\u00e9e des concurrents.<\/p>\n<p>Du fait d&rsquo;une animation de plus en plus importante sur le circuit, les spectateurs se sont faits de plus en plus nombreux, entra\u00eenant une certaine effervescence \u00e0 l&rsquo;approche du d\u00e9part. Celui-ci fut donn\u00e9 \u00e0 15 H. par\u00a0Me GUEDES\u00a0 repr\u00e9sentante de la Municipalit\u00e9.<\/p>\n<p>Maxence MONCASSIN et Th\u00e9o DELMAS prennent un d\u00e9part tr\u00e8s rapide suivis notamment par Pierre\u00a0Mathieu et Jean Olivier ainsi que les autres concurrents des diff\u00e9rentes cat\u00e9gories. \u00c9preuve sans incident particulier malgr\u00e9 quelques chutes sans gravit\u00e9 sur un circuit un peu lourd,relativement roulant mais usant pour l&rsquo;ensemble des concurrents.<\/p>\n<p>D\u00e9s l&rsquo;arriv\u00e9e, pendant la remise des r\u00e9compenses sur le podium, tous les b\u00e9n\u00e9voles s\u2019emploient \u00e0 d\u00e9faire l&rsquo;ensemble du balisage avant la tomb\u00e9e de la nuit (rubalise, piquets, barri\u00e8res). Op\u00e9ration usante mais r\u00e9ussie avec l&rsquo;appui d&rsquo;Hubert TISSOT pr\u00e9sent l\u2019apr\u00e8s-midi.<\/p>\n<p>Journ\u00e9e cl\u00f4tur\u00e9e par de nouvelles grillades et boissons pour l&rsquo;ensemble des pr\u00e9sents concurrents, b\u00e9n\u00e9voles et m\u00eame spectateurs, avant le d\u00e9montage rapide des barnums et des mat\u00e9riels divers. 18 H., avec la tomb\u00e9e du jour, d\u00e9part des derniers b\u00e9n\u00e9voles, un peu fatigu\u00e9s mais heureux d&rsquo;avoir r\u00e9ussi une op\u00e9ration pas \u00e9vidente au d\u00e9part.<\/p>\n<p>Tous en restant modestes, premi\u00e8re exp\u00e9rience positive de l&rsquo;aveu de l&rsquo;ensemble des concurrents. Certains, et non des moindres, sont venus nous remercier de cette organisation qui semble avoir fait l&rsquo;unanimit\u00e9. Il en est de m\u00eame des deux repr\u00e9sentants de la Municipalit\u00e9,\u00a0Mr BAUMLIN et Me GUEDES,\u00a0agr\u00e9ablement impressionn\u00e9s par cette op\u00e9ration, une animation inhabituelle et spectaculaire, s&rsquo;engageant \u00e0 r\u00e9percuter leur satisfaction aupr\u00e8s du Conseil Municipal. Rendez-vous est pris avec eux pour l&rsquo;ann\u00e9e prochaine afin de renouveler mais aussi am\u00e9liorer certains points de l&rsquo;organisation. Nous pouvons faire mieux pour rendre cette \u00e9preuve un incontournable de la fin d&rsquo;ann\u00e9e sur l&rsquo;UNION.<\/p>\n<p>Cette organisation a \u00e9t\u00e9 possible avec l&rsquo;aide mat\u00e9rielle et logistique des services de la municipalit\u00e9 de l&rsquo;UNION, les b\u00e9n\u00e9voles pr\u00e9sents avant et pendant l&rsquo;\u00e9preuve.<\/p>\n<p>Remerciements surtout \u00e0\u00a0tous les b\u00e9n\u00e9voles du club, les commissaires et speaker FSGT,\u00a0pour leur disponibilit\u00e9 et leur implication sans faille. L&rsquo;amiti\u00e9, la convivialit\u00e9 et la solidarit\u00e9 permettent de r\u00e9ussir des op\u00e9rations apparemment compliqu\u00e9es.<\/p>\n<p>&nbsp;<\/p>\n<p>MESSAGE MUNICIPALIT\u00c9<\/p>\n<p style=\"padding-left: 30px;\"><em>Bonjour Mr Pocq,<\/em><\/p>\n<p style=\"padding-left: 30px;\"><em>Je vous remercie pour votre message.<\/em><\/p>\n<div style=\"padding-left: 30px;\"><em>Je tenais \u00e0 mon tour \u00e0 vous f\u00e9liciter, Mr Baumlin et Mme Guedes m\u2019ont fait un retour tr\u00e8s positif en soulignant la qualit\u00e9 de l\u2019organisation.\u00a0<\/em><\/div>\n<div style=\"padding-left: 30px;\"><em>Nous discuterons ensemble afin d\u2019am\u00e9liorer les choses pour la prochaine fois.\u00a0<\/em><\/div>\n<div style=\"padding-left: 30px;\"><em>Je vous remercie de transmettre \u00e0 tous les b\u00e9n\u00e9voles qui ont \u0153uvr\u00e9 \u00e0 la r\u00e9ussite de cet \u00e9v\u00e9nement toutes les f\u00e9licitations de la municipalit\u00e9.\u00a0<\/em><\/div>\n<div style=\"padding-left: 30px;\"><em>Je vous souhaite d\u2019excellentes f\u00eates de fin d\u2019ann\u00e9e.\u00a0<\/em><br \/>\n<em>Bien cordialement\u00a0<\/em><\/div>\n<div style=\"padding-left: 30px;\">\n<div id=\"m_9114280829278142342AppleMailSignature\" dir=\"ltr\" style=\"padding-left: 30px;\">\n<div><em>Laurent Roux<\/em><\/div>\n<p><em>Adjoint au Maire en charge des Sports, des \u00c9quipements et des B\u00e2timents Publics<\/em><\/div>\n<\/div>\n<p>&nbsp;<\/p>\n<p>CLASSEMENT<\/p>\n<p>1 &#8211; MONCASSIN Maxence &#8211; GSC Blagnac Elite NL<\/p>\n<p>2 &#8211; DELMAS Th\u00e9o &#8211; CASTELSARRASIN Junior NL<\/p>\n<p>3 &#8211; SWEZE Patrick &#8211;\u00a0ALBI VS NL<\/p>\n<p>4 &#8211; BRUNO Robin &#8211;\u00a0LA PANCARTE S1<\/p>\n<p>5 &#8211; PELLIER Pierre Mathieu &#8211;\u00a0UC31 Elite2<\/p>\n<p>6 &#8211; NARDO Nicolas &#8211; TOAC &#8211; V1<\/p>\n<p>7 &#8211; HUDRISIER Antonin &#8211; LA PANCARTE &#8211; S1<\/p>\n<p>8 &#8211; LAMONEYRIE Mathieu &#8211; LA PANCARTE &#8211; S1<\/p>\n<p>9 &#8211; LAURENT Alexis &#8211; CO CARBONNE &#8211; E1\u00a0<strong><em><br \/>\n<\/em><\/strong><\/p>\n<p>10 &#8211; REMY Laurent &#8211; EMPALOT- V2<\/p>\n<p>11 &#8211; PELLIER Jean Olivier &#8211; UC31<\/p>\n<p>&nbsp;<\/p>\n<p>Autres vainqueurs:<\/p>\n<p>&#8211; DE ZERBI Antoine &#8211; SOREZE &#8211; V3<em><strong><br \/>\n<\/strong><\/em><\/p>\n<p>&#8211; ROUX J\u00e9rome &#8211; CPRS &#8211; V4<\/p>\n<p>&#8211; MICHAUX Christian &#8211; ROQUETTES &#8211; A5<\/p>\n<p>&#8211; MARCOUS Agn\u00e8s &#8211; GAILLAC &#8211; F NL<em><strong><br \/>\n<\/strong><\/em><\/p>\n<p>&#8211; MIGOT Corinne &#8211; CPRS &#8211; F<\/p>\n<p>&#8211; FAVAT Pierrick &#8211; COLOMIERS &#8211; Cadet<\/p>\n<p>&#8211; DELMAS Nathan &#8211; CASTESARRASIN &#8211; Minime<\/p>\n<p><img loading=\"lazy\" decoding=\"async\" class=\"aligncenter size-full wp-image-1814\" src=\"https:\/\/www.lunioncycliste31.fr\/wp-content\/uploads\/2018\/12\/P1090175_01.jpg\" alt=\"\" width=\"1204\" height=\"803\" srcset=\"https:\/\/www.lunioncycliste31.fr\/wp-content\/uploads\/2018\/12\/P1090175_01.jpg 1204w, https:\/\/www.lunioncycliste31.fr\/wp-content\/uploads\/2018\/12\/P1090175_01-300x200.jpg 300w, https:\/\/www.lunioncycliste31.fr\/wp-content\/uploads\/2018\/12\/P1090175_01-768x512.jpg 768w, https:\/\/www.lunioncycliste31.fr\/wp-content\/uploads\/2018\/12\/P1090175_01-1024x683.jpg 1024w, https:\/\/www.lunioncycliste31.fr\/wp-content\/uploads\/2018\/12\/P1090175_01-390x260.jpg 390w, https:\/\/www.lunioncycliste31.fr\/wp-content\/uploads\/2018\/12\/P1090175_01-520x347.jpg 520w, https:\/\/www.lunioncycliste31.fr\/wp-content\/uploads\/2018\/12\/P1090175_01-740x494.jpg 740w\" sizes=\"auto, (max-width: 1204px) 100vw, 1204px\" \/> <img loading=\"lazy\" decoding=\"async\" class=\"aligncenter size-full wp-image-1815\" src=\"https:\/\/www.lunioncycliste31.fr\/wp-content\/uploads\/2018\/12\/P1090349_01-1.jpg\" alt=\"\" width=\"1500\" height=\"1000\" srcset=\"https:\/\/www.lunioncycliste31.fr\/wp-content\/uploads\/2018\/12\/P1090349_01-1.jpg 1500w, https:\/\/www.lunioncycliste31.fr\/wp-content\/uploads\/2018\/12\/P1090349_01-1-300x200.jpg 300w, https:\/\/www.lunioncycliste31.fr\/wp-content\/uploads\/2018\/12\/P1090349_01-1-768x512.jpg 768w, https:\/\/www.lunioncycliste31.fr\/wp-content\/uploads\/2018\/12\/P1090349_01-1-1024x683.jpg 1024w, https:\/\/www.lunioncycliste31.fr\/wp-content\/uploads\/2018\/12\/P1090349_01-1-390x260.jpg 390w, https:\/\/www.lunioncycliste31.fr\/wp-content\/uploads\/2018\/12\/P1090349_01-1-520x347.jpg 520w, https:\/\/www.lunioncycliste31.fr\/wp-content\/uploads\/2018\/12\/P1090349_01-1-740x493.jpg 740w\" sizes=\"auto, (max-width: 1500px) 100vw, 1500px\" \/> <img loading=\"lazy\" decoding=\"async\" class=\"aligncenter size-full wp-image-1813\" src=\"https:\/\/www.lunioncycliste31.fr\/wp-content\/uploads\/2018\/12\/P1090113_01.jpg\" alt=\"\" width=\"1024\" height=\"683\" srcset=\"https:\/\/www.lunioncycliste31.fr\/wp-content\/uploads\/2018\/12\/P1090113_01.jpg 1024w, https:\/\/www.lunioncycliste31.fr\/wp-content\/uploads\/2018\/12\/P1090113_01-300x200.jpg 300w, https:\/\/www.lunioncycliste31.fr\/wp-content\/uploads\/2018\/12\/P1090113_01-768x512.jpg 768w, https:\/\/www.lunioncycliste31.fr\/wp-content\/uploads\/2018\/12\/P1090113_01-390x260.jpg 390w, https:\/\/www.lunioncycliste31.fr\/wp-content\/uploads\/2018\/12\/P1090113_01-520x347.jpg 520w, https:\/\/www.lunioncycliste31.fr\/wp-content\/uploads\/2018\/12\/P1090113_01-740x494.jpg 740w\" sizes=\"auto, (max-width: 1024px) 100vw, 1024px\" \/> <img loading=\"lazy\" decoding=\"async\" class=\"aligncenter size-full wp-image-1812\" src=\"https:\/\/www.lunioncycliste31.fr\/wp-content\/uploads\/2018\/12\/P1090087_01.jpg\" alt=\"\" width=\"1024\" height=\"683\" srcset=\"https:\/\/www.lunioncycliste31.fr\/wp-content\/uploads\/2018\/12\/P1090087_01.jpg 1024w, https:\/\/www.lunioncycliste31.fr\/wp-content\/uploads\/2018\/12\/P1090087_01-300x200.jpg 300w, https:\/\/www.lunioncycliste31.fr\/wp-content\/uploads\/2018\/12\/P1090087_01-768x512.jpg 768w, https:\/\/www.lunioncycliste31.fr\/wp-content\/uploads\/2018\/12\/P1090087_01-390x260.jpg 390w, https:\/\/www.lunioncycliste31.fr\/wp-content\/uploads\/2018\/12\/P1090087_01-520x347.jpg 520w, https:\/\/www.lunioncycliste31.fr\/wp-content\/uploads\/2018\/12\/P1090087_01-740x494.jpg 740w\" sizes=\"auto, (max-width: 1024px) 100vw, 1024px\" \/> <img loading=\"lazy\" decoding=\"async\" class=\"aligncenter size-full wp-image-1811\" src=\"https:\/\/www.lunioncycliste31.fr\/wp-content\/uploads\/2018\/12\/P1090019_01.jpg\" alt=\"\" width=\"1024\" height=\"683\" srcset=\"https:\/\/www.lunioncycliste31.fr\/wp-content\/uploads\/2018\/12\/P1090019_01.jpg 1024w, https:\/\/www.lunioncycliste31.fr\/wp-content\/uploads\/2018\/12\/P1090019_01-300x200.jpg 300w, https:\/\/www.lunioncycliste31.fr\/wp-content\/uploads\/2018\/12\/P1090019_01-768x512.jpg 768w, https:\/\/www.lunioncycliste31.fr\/wp-content\/uploads\/2018\/12\/P1090019_01-390x260.jpg 390w, https:\/\/www.lunioncycliste31.fr\/wp-content\/uploads\/2018\/12\/P1090019_01-520x347.jpg 520w, https:\/\/www.lunioncycliste31.fr\/wp-content\/uploads\/2018\/12\/P1090019_01-740x494.jpg 740w\" sizes=\"auto, (max-width: 1024px) 100vw, 1024px\" \/> <img loading=\"lazy\" decoding=\"async\" class=\"aligncenter size-full wp-image-1810\" src=\"https:\/\/www.lunioncycliste31.fr\/wp-content\/uploads\/2018\/12\/P1080799_01.jpg\" alt=\"\" width=\"1024\" height=\"683\" srcset=\"https:\/\/www.lunioncycliste31.fr\/wp-content\/uploads\/2018\/12\/P1080799_01.jpg 1024w, https:\/\/www.lunioncycliste31.fr\/wp-content\/uploads\/2018\/12\/P1080799_01-300x200.jpg 300w, https:\/\/www.lunioncycliste31.fr\/wp-content\/uploads\/2018\/12\/P1080799_01-768x512.jpg 768w, https:\/\/www.lunioncycliste31.fr\/wp-content\/uploads\/2018\/12\/P1080799_01-390x260.jpg 390w, https:\/\/www.lunioncycliste31.fr\/wp-content\/uploads\/2018\/12\/P1080799_01-520x347.jpg 520w, https:\/\/www.lunioncycliste31.fr\/wp-content\/uploads\/2018\/12\/P1080799_01-740x494.jpg 740w\" sizes=\"auto, (max-width: 1024px) 100vw, 1024px\" \/> <img loading=\"lazy\" decoding=\"async\" class=\"aligncenter size-full wp-image-1809\" src=\"https:\/\/www.lunioncycliste31.fr\/wp-content\/uploads\/2018\/12\/P1080754_01.jpg\" alt=\"\" width=\"1024\" height=\"683\" srcset=\"https:\/\/www.lunioncycliste31.fr\/wp-content\/uploads\/2018\/12\/P1080754_01.jpg 1024w, https:\/\/www.lunioncycliste31.fr\/wp-content\/uploads\/2018\/12\/P1080754_01-300x200.jpg 300w, https:\/\/www.lunioncycliste31.fr\/wp-content\/uploads\/2018\/12\/P1080754_01-768x512.jpg 768w, https:\/\/www.lunioncycliste31.fr\/wp-content\/uploads\/2018\/12\/P1080754_01-390x260.jpg 390w, https:\/\/www.lunioncycliste31.fr\/wp-content\/uploads\/2018\/12\/P1080754_01-520x347.jpg 520w, https:\/\/www.lunioncycliste31.fr\/wp-content\/uploads\/2018\/12\/P1080754_01-740x494.jpg 740w\" sizes=\"auto, (max-width: 1024px) 100vw, 1024px\" \/> <img loading=\"lazy\" decoding=\"async\" class=\"aligncenter size-full wp-image-1808\" src=\"https:\/\/www.lunioncycliste31.fr\/wp-content\/uploads\/2018\/12\/P1080729_01.jpg\" alt=\"\" width=\"1024\" height=\"683\" srcset=\"https:\/\/www.lunioncycliste31.fr\/wp-content\/uploads\/2018\/12\/P1080729_01.jpg 1024w, https:\/\/www.lunioncycliste31.fr\/wp-content\/uploads\/2018\/12\/P1080729_01-300x200.jpg 300w, https:\/\/www.lunioncycliste31.fr\/wp-content\/uploads\/2018\/12\/P1080729_01-768x512.jpg 768w, https:\/\/www.lunioncycliste31.fr\/wp-content\/uploads\/2018\/12\/P1080729_01-390x260.jpg 390w, https:\/\/www.lunioncycliste31.fr\/wp-content\/uploads\/2018\/12\/P1080729_01-520x347.jpg 520w, https:\/\/www.lunioncycliste31.fr\/wp-content\/uploads\/2018\/12\/P1080729_01-740x494.jpg 740w\" sizes=\"auto, (max-width: 1024px) 100vw, 1024px\" \/> <img loading=\"lazy\" decoding=\"async\" class=\"aligncenter size-full wp-image-1807\" src=\"https:\/\/www.lunioncycliste31.fr\/wp-content\/uploads\/2018\/12\/CC-Lunion-Podium_23122018_W.jpg\" alt=\"\" width=\"2048\" height=\"1365\" srcset=\"https:\/\/www.lunioncycliste31.fr\/wp-content\/uploads\/2018\/12\/CC-Lunion-Podium_23122018_W.jpg 2048w, https:\/\/www.lunioncycliste31.fr\/wp-content\/uploads\/2018\/12\/CC-Lunion-Podium_23122018_W-300x200.jpg 300w, https:\/\/www.lunioncycliste31.fr\/wp-content\/uploads\/2018\/12\/CC-Lunion-Podium_23122018_W-768x512.jpg 768w, https:\/\/www.lunioncycliste31.fr\/wp-content\/uploads\/2018\/12\/CC-Lunion-Podium_23122018_W-1024x683.jpg 1024w, https:\/\/www.lunioncycliste31.fr\/wp-content\/uploads\/2018\/12\/CC-Lunion-Podium_23122018_W-390x260.jpg 390w, https:\/\/www.lunioncycliste31.fr\/wp-content\/uploads\/2018\/12\/CC-Lunion-Podium_23122018_W-520x347.jpg 520w, https:\/\/www.lunioncycliste31.fr\/wp-content\/uploads\/2018\/12\/CC-Lunion-Podium_23122018_W-740x493.jpg 740w\" sizes=\"auto, (max-width: 2048px) 100vw, 2048px\" \/><\/p>\n<p>Plus de Photos :<\/p>\n<p><a href=\"https:\/\/photos.app.goo.gl\/Kkv4zB1RCbVUT1pVA\">https:\/\/photos.app.goo.gl\/Kkv4zB1RCbVUT1pVA<\/a><\/p>\n<p><a href=\"https:\/\/photos.app.goo.gl\/2QMFUVdGQZWm7vDLA\">https:\/\/photos.app.goo.gl\/2QMFUVdGQZWm7vDLA<\/a><\/p>\n<\/div>\n","protected":false},"excerpt":{"rendered":"<p>D\u00e9but octobre, l&rsquo;UC31 \u00e9met l&rsquo;id\u00e9e d&rsquo;organiser un cyclocross le 23 d\u00e9cembre dans le cadre du calendrier FSGT. Jean Olivier\u00a0PELLIER, David et Alain POCQ prennent\u00a0en charge ce dossier. Premi\u00e8re \u00e9tape : [&hellip;]<\/p>\n","protected":false},"author":1,"featured_media":1806,"comment_status":"open","ping_status":"open","sticky":false,"template":"","format":"standard","meta":{"footnotes":""},"categories":[9,40,20,38],"tags":[],"class_list":["post-1803","post","type-post","status-publish","format-standard","has-post-thumbnail","hentry","category-cyclo-cross","category-cyclo-cross-2018","category-vie-du-club","category-vie-du-club-2018"],"_links":{"self":[{"href":"https:\/\/www.lunioncycliste31.fr\/index.php\/wp-json\/wp\/v2\/posts\/1803","targetHints":{"allow":["GET"]}}],"collection":[{"href":"https:\/\/www.lunioncycliste31.fr\/index.php\/wp-json\/wp\/v2\/posts"}],"about":[{"href":"https:\/\/www.lunioncycliste31.fr\/index.php\/wp-json\/wp\/v2\/types\/post"}],"author":[{"embeddable":true,"href":"https:\/\/www.lunioncycliste31.fr\/index.php\/wp-json\/wp\/v2\/users\/1"}],"replies":[{"embeddable":true,"href":"https:\/\/www.lunioncycliste31.fr\/index.php\/wp-json\/wp\/v2\/comments?post=1803"}],"version-history":[{"count":7,"href":"https:\/\/www.lunioncycliste31.fr\/index.php\/wp-json\/wp\/v2\/posts\/1803\/revisions"}],"predecessor-version":[{"id":1836,"href":"https:\/\/www.lunioncycliste31.fr\/index.php\/wp-json\/wp\/v2\/posts\/1803\/revisions\/1836"}],"wp:featuredmedia":[{"embeddable":true,"href":"https:\/\/www.lunioncycliste31.fr\/index.php\/wp-json\/wp\/v2\/media\/1806"}],"wp:attachment":[{"href":"https:\/\/www.lunioncycliste31.fr\/index.php\/wp-json\/wp\/v2\/media?parent=1803"}],"wp:term":[{"taxonomy":"category","embeddable":true,"href":"https:\/\/www.lunioncycliste31.fr\/index.php\/wp-json\/wp\/v2\/categories?post=1803"},{"taxonomy":"post_tag","embeddable":true,"href":"https:\/\/www.lunioncycliste31.fr\/index.php\/wp-json\/wp\/v2\/tags?post=1803"}],"curies":[{"name":"wp","href":"https:\/\/api.w.org\/{rel}","templated":true}]}}