{"id":1822,"date":"2019-01-01T19:28:09","date_gmt":"2019-01-01T18:28:09","guid":{"rendered":"https:\/\/www.lunioncycliste31.fr\/?p=1822"},"modified":"2019-05-06T23:03:17","modified_gmt":"2019-05-06T21:03:17","slug":"la-course-vu-de-linterieur-cyclo-cross-du-23-12-2018","status":"publish","type":"post","link":"https:\/\/www.lunioncycliste31.fr\/index.php\/2019\/01\/01\/la-course-vu-de-linterieur-cyclo-cross-du-23-12-2018\/","title":{"rendered":"La course vu de l&rsquo;int\u00e9rieur (Cyclo-Cross du 23\/12\/2018)"},"content":{"rendered":"<p>Le club organisateur aligne sur son \u00e9preuve le duo familial Jean-Olivier et Pierre-Mathieu. Le circuit \u00e9tant physique, il correspond aux qualit\u00e9s de ces deux coureurs. Auteurs de d\u00e9part moyen, Jean Olivier et Pierre-Mathieu se retrouvent \u00e0 l\u2019avant de la course apr\u00e8s un effort important du fait du niveau des coureurs pr\u00e9sents, pour m\u00e9moire un n\u00e9o-pro, un junior aux portes de l&rsquo;\u00e9quipe de France et des soci\u00e9taires de clubs FFC de tr\u00e8s bon niveau.<\/p>\n<p>\u00c0 la fin du premier tour, Pierre-Mathieu se retrouve \u00e0 la 5\u00e8me et la gardera jusqu\u2019\u00e0 la fin. Quant \u00e0 JO, il se retrouve en embuscade pour la 8\u00e8me place, mais il paye un peu (beaucoup ?) de ses efforts de la veille et de la matin\u00e9e pour finaliser la pr\u00e9paration du trac\u00e9. Du fait de son implication en tant que co-organisateur du cyclo-cross il a sans doute d\u00e9pens\u00e9 beaucoup d&rsquo;\u00e9nergie depuis plusieurs semaines pour parfaire l&rsquo;organisation de cette course. Il aura du mal \u00e0 tenir jusqu&rsquo;au bout et au fil des tours il va perdre un peu de terrain. Il fini tout de m\u00eame \u00e0 une honorable 11\u00e8me place.<\/p>\n<p>Nos coureurs \u00e9taient satisfaits par leurs prestations mais aussi par le circuit qui \u00e9tait \u00e0 la fois physique et rendu technique par la pr\u00e9sence de boue.\u00a0<\/p>\n<p>Jean-Olivier continuera \u00e0 d\u00e9fendre les couleurs de l\u2019UC31 au prochain cyclo cross de Fonbeauzard et sa pr\u00e9paration pour le prochain championnat de France.\u00a0<\/p>\n<p>Quant \u00e0 Pierre Mathieu, il met un terme \u00e0 sa saison de cyclo cross par un dernier cyclo cross sous les couleurs du club.\u00a0<\/p>\n<p>R\u00e9sultats complets:<\/p>\n<p>1 MONCASSIN Maxence GSC Blagnac<\/p>\n<p>2 DELMAS Th\u00e9o CA CASTELSARRASIN J<\/p>\n<p>3 SZEWE Patrick ALBI VELO SPORT E<\/p>\n<p>4 BRUNO Robin LA PANCARTE S 1<\/p>\n<p>5 PELLIER Pierre Mathieu L&rsquo;Union C 31 Esp\u00a0<\/p>\n<p>6 NARDO Nicolas TOAC V 1<\/p>\n<p>7 HUDRISIER Anthonin La Pancarte (81)\u00a0<\/p>\n<p>8 LAMONEYRIE Matthieu La Pancarte (81)\u00a0<\/p>\n<p>9 LAURENT Alexis CO Carbonne E 1<\/p>\n<p>10 REMY Laurent Empalot VC V 2<\/p>\n<p>11 PELLIER Jean-Olivier L&rsquo;Union C 31 V 1<\/p>\n<p><img loading=\"lazy\" decoding=\"async\" class=\"aligncenter size-full wp-image-1834\" src=\"https:\/\/www.lunioncycliste31.fr\/wp-content\/uploads\/2019\/01\/P1080686_01.jpg\" alt=\"\" width=\"2048\" height=\"1365\" srcset=\"https:\/\/www.lunioncycliste31.fr\/wp-content\/uploads\/2019\/01\/P1080686_01.jpg 2048w, https:\/\/www.lunioncycliste31.fr\/wp-content\/uploads\/2019\/01\/P1080686_01-300x200.jpg 300w, https:\/\/www.lunioncycliste31.fr\/wp-content\/uploads\/2019\/01\/P1080686_01-768x512.jpg 768w, https:\/\/www.lunioncycliste31.fr\/wp-content\/uploads\/2019\/01\/P1080686_01-1024x683.jpg 1024w, https:\/\/www.lunioncycliste31.fr\/wp-content\/uploads\/2019\/01\/P1080686_01-390x260.jpg 390w, https:\/\/www.lunioncycliste31.fr\/wp-content\/uploads\/2019\/01\/P1080686_01-520x347.jpg 520w, https:\/\/www.lunioncycliste31.fr\/wp-content\/uploads\/2019\/01\/P1080686_01-740x493.jpg 740w\" sizes=\"auto, (max-width: 2048px) 100vw, 2048px\" \/><img loading=\"lazy\" decoding=\"async\" class=\"aligncenter size-full wp-image-1832\" src=\"https:\/\/www.lunioncycliste31.fr\/wp-content\/uploads\/2019\/01\/P1090012_01.jpg\" alt=\"\" width=\"1920\" height=\"1080\" srcset=\"https:\/\/www.lunioncycliste31.fr\/wp-content\/uploads\/2019\/01\/P1090012_01.jpg 1920w, https:\/\/www.lunioncycliste31.fr\/wp-content\/uploads\/2019\/01\/P1090012_01-300x169.jpg 300w, https:\/\/www.lunioncycliste31.fr\/wp-content\/uploads\/2019\/01\/P1090012_01-768x432.jpg 768w, https:\/\/www.lunioncycliste31.fr\/wp-content\/uploads\/2019\/01\/P1090012_01-1024x576.jpg 1024w, https:\/\/www.lunioncycliste31.fr\/wp-content\/uploads\/2019\/01\/P1090012_01-520x293.jpg 520w, https:\/\/www.lunioncycliste31.fr\/wp-content\/uploads\/2019\/01\/P1090012_01-740x416.jpg 740w\" sizes=\"auto, (max-width: 1920px) 100vw, 1920px\" \/> <img loading=\"lazy\" decoding=\"async\" class=\"aligncenter size-full wp-image-1831\" src=\"https:\/\/www.lunioncycliste31.fr\/wp-content\/uploads\/2019\/01\/P1090040_01.jpg\" alt=\"\" width=\"2048\" height=\"1365\" srcset=\"https:\/\/www.lunioncycliste31.fr\/wp-content\/uploads\/2019\/01\/P1090040_01.jpg 2048w, https:\/\/www.lunioncycliste31.fr\/wp-content\/uploads\/2019\/01\/P1090040_01-300x200.jpg 300w, https:\/\/www.lunioncycliste31.fr\/wp-content\/uploads\/2019\/01\/P1090040_01-768x512.jpg 768w, https:\/\/www.lunioncycliste31.fr\/wp-content\/uploads\/2019\/01\/P1090040_01-1024x683.jpg 1024w, https:\/\/www.lunioncycliste31.fr\/wp-content\/uploads\/2019\/01\/P1090040_01-390x260.jpg 390w, https:\/\/www.lunioncycliste31.fr\/wp-content\/uploads\/2019\/01\/P1090040_01-520x347.jpg 520w, https:\/\/www.lunioncycliste31.fr\/wp-content\/uploads\/2019\/01\/P1090040_01-740x493.jpg 740w\" sizes=\"auto, (max-width: 2048px) 100vw, 2048px\" \/> <img loading=\"lazy\" decoding=\"async\" class=\"aligncenter size-full wp-image-1829\" src=\"https:\/\/www.lunioncycliste31.fr\/wp-content\/uploads\/2019\/01\/P1090090_01.jpg\" alt=\"\" width=\"2048\" height=\"1365\" srcset=\"https:\/\/www.lunioncycliste31.fr\/wp-content\/uploads\/2019\/01\/P1090090_01.jpg 2048w, https:\/\/www.lunioncycliste31.fr\/wp-content\/uploads\/2019\/01\/P1090090_01-300x200.jpg 300w, https:\/\/www.lunioncycliste31.fr\/wp-content\/uploads\/2019\/01\/P1090090_01-768x512.jpg 768w, https:\/\/www.lunioncycliste31.fr\/wp-content\/uploads\/2019\/01\/P1090090_01-1024x683.jpg 1024w, https:\/\/www.lunioncycliste31.fr\/wp-content\/uploads\/2019\/01\/P1090090_01-390x260.jpg 390w, https:\/\/www.lunioncycliste31.fr\/wp-content\/uploads\/2019\/01\/P1090090_01-520x347.jpg 520w, https:\/\/www.lunioncycliste31.fr\/wp-content\/uploads\/2019\/01\/P1090090_01-740x493.jpg 740w\" sizes=\"auto, (max-width: 2048px) 100vw, 2048px\" \/> <img loading=\"lazy\" decoding=\"async\" class=\"aligncenter size-full wp-image-1828\" src=\"https:\/\/www.lunioncycliste31.fr\/wp-content\/uploads\/2019\/01\/P1090091_01.jpg\" alt=\"\" width=\"2048\" height=\"1365\" srcset=\"https:\/\/www.lunioncycliste31.fr\/wp-content\/uploads\/2019\/01\/P1090091_01.jpg 2048w, https:\/\/www.lunioncycliste31.fr\/wp-content\/uploads\/2019\/01\/P1090091_01-300x200.jpg 300w, https:\/\/www.lunioncycliste31.fr\/wp-content\/uploads\/2019\/01\/P1090091_01-768x512.jpg 768w, https:\/\/www.lunioncycliste31.fr\/wp-content\/uploads\/2019\/01\/P1090091_01-1024x683.jpg 1024w, https:\/\/www.lunioncycliste31.fr\/wp-content\/uploads\/2019\/01\/P1090091_01-390x260.jpg 390w, https:\/\/www.lunioncycliste31.fr\/wp-content\/uploads\/2019\/01\/P1090091_01-520x347.jpg 520w, https:\/\/www.lunioncycliste31.fr\/wp-content\/uploads\/2019\/01\/P1090091_01-740x493.jpg 740w\" sizes=\"auto, (max-width: 2048px) 100vw, 2048px\" \/> <img loading=\"lazy\" decoding=\"async\" class=\"aligncenter size-full wp-image-1827\" src=\"https:\/\/www.lunioncycliste31.fr\/wp-content\/uploads\/2019\/01\/P1090159_01.jpg\" alt=\"\" width=\"2048\" height=\"1365\" srcset=\"https:\/\/www.lunioncycliste31.fr\/wp-content\/uploads\/2019\/01\/P1090159_01.jpg 2048w, https:\/\/www.lunioncycliste31.fr\/wp-content\/uploads\/2019\/01\/P1090159_01-300x200.jpg 300w, https:\/\/www.lunioncycliste31.fr\/wp-content\/uploads\/2019\/01\/P1090159_01-768x512.jpg 768w, https:\/\/www.lunioncycliste31.fr\/wp-content\/uploads\/2019\/01\/P1090159_01-1024x683.jpg 1024w, https:\/\/www.lunioncycliste31.fr\/wp-content\/uploads\/2019\/01\/P1090159_01-390x260.jpg 390w, https:\/\/www.lunioncycliste31.fr\/wp-content\/uploads\/2019\/01\/P1090159_01-520x347.jpg 520w, https:\/\/www.lunioncycliste31.fr\/wp-content\/uploads\/2019\/01\/P1090159_01-740x493.jpg 740w\" sizes=\"auto, (max-width: 2048px) 100vw, 2048px\" \/> <img loading=\"lazy\" decoding=\"async\" class=\"aligncenter size-full wp-image-1826\" src=\"https:\/\/www.lunioncycliste31.fr\/wp-content\/uploads\/2019\/01\/P1090198_01.jpg\" alt=\"\" width=\"2048\" height=\"1365\" srcset=\"https:\/\/www.lunioncycliste31.fr\/wp-content\/uploads\/2019\/01\/P1090198_01.jpg 2048w, https:\/\/www.lunioncycliste31.fr\/wp-content\/uploads\/2019\/01\/P1090198_01-300x200.jpg 300w, https:\/\/www.lunioncycliste31.fr\/wp-content\/uploads\/2019\/01\/P1090198_01-768x512.jpg 768w, https:\/\/www.lunioncycliste31.fr\/wp-content\/uploads\/2019\/01\/P1090198_01-1024x683.jpg 1024w, https:\/\/www.lunioncycliste31.fr\/wp-content\/uploads\/2019\/01\/P1090198_01-390x260.jpg 390w, https:\/\/www.lunioncycliste31.fr\/wp-content\/uploads\/2019\/01\/P1090198_01-520x347.jpg 520w, https:\/\/www.lunioncycliste31.fr\/wp-content\/uploads\/2019\/01\/P1090198_01-740x493.jpg 740w\" sizes=\"auto, (max-width: 2048px) 100vw, 2048px\" \/> <img loading=\"lazy\" decoding=\"async\" class=\"aligncenter size-full wp-image-1825\" src=\"https:\/\/www.lunioncycliste31.fr\/wp-content\/uploads\/2019\/01\/P1090231_01.jpg\" alt=\"\" width=\"2048\" height=\"1365\" srcset=\"https:\/\/www.lunioncycliste31.fr\/wp-content\/uploads\/2019\/01\/P1090231_01.jpg 2048w, https:\/\/www.lunioncycliste31.fr\/wp-content\/uploads\/2019\/01\/P1090231_01-300x200.jpg 300w, https:\/\/www.lunioncycliste31.fr\/wp-content\/uploads\/2019\/01\/P1090231_01-768x512.jpg 768w, https:\/\/www.lunioncycliste31.fr\/wp-content\/uploads\/2019\/01\/P1090231_01-1024x683.jpg 1024w, https:\/\/www.lunioncycliste31.fr\/wp-content\/uploads\/2019\/01\/P1090231_01-390x260.jpg 390w, https:\/\/www.lunioncycliste31.fr\/wp-content\/uploads\/2019\/01\/P1090231_01-520x347.jpg 520w, https:\/\/www.lunioncycliste31.fr\/wp-content\/uploads\/2019\/01\/P1090231_01-740x493.jpg 740w\" sizes=\"auto, (max-width: 2048px) 100vw, 2048px\" \/> <img loading=\"lazy\" decoding=\"async\" class=\"aligncenter size-full wp-image-1824\" src=\"https:\/\/www.lunioncycliste31.fr\/wp-content\/uploads\/2019\/01\/P1090314_01.jpg\" alt=\"\" width=\"2048\" height=\"1365\" srcset=\"https:\/\/www.lunioncycliste31.fr\/wp-content\/uploads\/2019\/01\/P1090314_01.jpg 2048w, https:\/\/www.lunioncycliste31.fr\/wp-content\/uploads\/2019\/01\/P1090314_01-300x200.jpg 300w, https:\/\/www.lunioncycliste31.fr\/wp-content\/uploads\/2019\/01\/P1090314_01-768x512.jpg 768w, https:\/\/www.lunioncycliste31.fr\/wp-content\/uploads\/2019\/01\/P1090314_01-1024x683.jpg 1024w, https:\/\/www.lunioncycliste31.fr\/wp-content\/uploads\/2019\/01\/P1090314_01-390x260.jpg 390w, https:\/\/www.lunioncycliste31.fr\/wp-content\/uploads\/2019\/01\/P1090314_01-520x347.jpg 520w, https:\/\/www.lunioncycliste31.fr\/wp-content\/uploads\/2019\/01\/P1090314_01-740x493.jpg 740w\" sizes=\"auto, (max-width: 2048px) 100vw, 2048px\" \/><img loading=\"lazy\" decoding=\"async\" class=\"aligncenter size-full wp-image-1833\" src=\"https:\/\/www.lunioncycliste31.fr\/wp-content\/uploads\/2019\/01\/P1080724_01.jpg\" alt=\"\" width=\"2048\" height=\"1365\" srcset=\"https:\/\/www.lunioncycliste31.fr\/wp-content\/uploads\/2019\/01\/P1080724_01.jpg 2048w, https:\/\/www.lunioncycliste31.fr\/wp-content\/uploads\/2019\/01\/P1080724_01-300x200.jpg 300w, https:\/\/www.lunioncycliste31.fr\/wp-content\/uploads\/2019\/01\/P1080724_01-768x512.jpg 768w, https:\/\/www.lunioncycliste31.fr\/wp-content\/uploads\/2019\/01\/P1080724_01-1024x683.jpg 1024w, https:\/\/www.lunioncycliste31.fr\/wp-content\/uploads\/2019\/01\/P1080724_01-390x260.jpg 390w, https:\/\/www.lunioncycliste31.fr\/wp-content\/uploads\/2019\/01\/P1080724_01-520x347.jpg 520w, https:\/\/www.lunioncycliste31.fr\/wp-content\/uploads\/2019\/01\/P1080724_01-740x493.jpg 740w\" sizes=\"auto, (max-width: 2048px) 100vw, 2048px\" \/><\/p>\n","protected":false},"excerpt":{"rendered":"<p>Le club organisateur aligne sur son \u00e9preuve le duo familial Jean-Olivier et Pierre-Mathieu. Le circuit \u00e9tant physique, il correspond aux qualit\u00e9s de ces deux coureurs. Auteurs de d\u00e9part moyen, Jean [&hellip;]<\/p>\n","protected":false},"author":1,"featured_media":1831,"comment_status":"open","ping_status":"open","sticky":false,"template":"","format":"standard","meta":{"footnotes":""},"categories":[9,40],"tags":[],"class_list":["post-1822","post","type-post","status-publish","format-standard","has-post-thumbnail","hentry","category-cyclo-cross","category-cyclo-cross-2018"],"_links":{"self":[{"href":"https:\/\/www.lunioncycliste31.fr\/index.php\/wp-json\/wp\/v2\/posts\/1822","targetHints":{"allow":["GET"]}}],"collection":[{"href":"https:\/\/www.lunioncycliste31.fr\/index.php\/wp-json\/wp\/v2\/posts"}],"about":[{"href":"https:\/\/www.lunioncycliste31.fr\/index.php\/wp-json\/wp\/v2\/types\/post"}],"author":[{"embeddable":true,"href":"https:\/\/www.lunioncycliste31.fr\/index.php\/wp-json\/wp\/v2\/users\/1"}],"replies":[{"embeddable":true,"href":"https:\/\/www.lunioncycliste31.fr\/index.php\/wp-json\/wp\/v2\/comments?post=1822"}],"version-history":[{"count":2,"href":"https:\/\/www.lunioncycliste31.fr\/index.php\/wp-json\/wp\/v2\/posts\/1822\/revisions"}],"predecessor-version":[{"id":1835,"href":"https:\/\/www.lunioncycliste31.fr\/index.php\/wp-json\/wp\/v2\/posts\/1822\/revisions\/1835"}],"wp:featuredmedia":[{"embeddable":true,"href":"https:\/\/www.lunioncycliste31.fr\/index.php\/wp-json\/wp\/v2\/media\/1831"}],"wp:attachment":[{"href":"https:\/\/www.lunioncycliste31.fr\/index.php\/wp-json\/wp\/v2\/media?parent=1822"}],"wp:term":[{"taxonomy":"category","embeddable":true,"href":"https:\/\/www.lunioncycliste31.fr\/index.php\/wp-json\/wp\/v2\/categories?post=1822"},{"taxonomy":"post_tag","embeddable":true,"href":"https:\/\/www.lunioncycliste31.fr\/index.php\/wp-json\/wp\/v2\/tags?post=1822"}],"curies":[{"name":"wp","href":"https:\/\/api.w.org\/{rel}","templated":true}]}}