{"id":1855,"date":"2019-01-28T23:41:27","date_gmt":"2019-01-28T22:41:27","guid":{"rendered":"https:\/\/www.lunioncycliste31.fr\/?p=1855"},"modified":"2019-05-06T23:03:22","modified_gmt":"2019-05-06T21:03:22","slug":"assemblee-generale-du-25-01-2016","status":"publish","type":"post","link":"https:\/\/www.lunioncycliste31.fr\/index.php\/2019\/01\/28\/assemblee-generale-du-25-01-2016\/","title":{"rendered":"Assembl\u00e9e g\u00e9n\u00e9rale du 26\/01\/2016"},"content":{"rendered":"\n<figure class=\"wp-block-image\"><img loading=\"lazy\" decoding=\"async\" width=\"1024\" height=\"768\" src=\"https:\/\/www.lunioncycliste31.fr\/wp-content\/uploads\/2019\/01\/20190126_164722-e1548714671729-1024x768.jpg\" alt=\"\" class=\"wp-image-1856\" srcset=\"https:\/\/www.lunioncycliste31.fr\/wp-content\/uploads\/2019\/01\/20190126_164722-e1548714671729-1024x768.jpg 1024w, https:\/\/www.lunioncycliste31.fr\/wp-content\/uploads\/2019\/01\/20190126_164722-e1548714671729-300x225.jpg 300w, https:\/\/www.lunioncycliste31.fr\/wp-content\/uploads\/2019\/01\/20190126_164722-e1548714671729-768x576.jpg 768w, https:\/\/www.lunioncycliste31.fr\/wp-content\/uploads\/2019\/01\/20190126_164722-e1548714671729-520x390.jpg 520w, https:\/\/www.lunioncycliste31.fr\/wp-content\/uploads\/2019\/01\/20190126_164722-e1548714671729-740x555.jpg 740w, https:\/\/www.lunioncycliste31.fr\/wp-content\/uploads\/2019\/01\/20190126_164722-e1548714671729.jpg 1280w\" sizes=\"auto, (max-width: 1024px) 100vw, 1024px\" \/><\/figure>\n\n\n\n<p>Ce samedi se tenait l&rsquo;assembl\u00e9e g\u00e9n\u00e9rale du club, pr\u00e8s de 30 membres du club \u00e9taient pr\u00e9sents ou repr\u00e9sent\u00e9s. Le quorum largement atteint, c&rsquo;est devant une assembl\u00e9e attentive que le bureau a pr\u00e9sent\u00e9 le bilan de l&rsquo;ann\u00e9e, et dress\u00e9 les perspectives pour 2019.<\/p>\n<p>Au cours de cette s\u00e9ance notre partenaire <a href=\"https:\/\/www.bruno-saint-hilaire.com\/\">Bruno Saint Hilaire<\/a> a r\u00e9compens\u00e9 les b\u00e9n\u00e9voles actifs en leur offrant une magnifique chemise et un superbe polo pour qu&rsquo;ils puissent parader aussi lors qu&rsquo;ils seront descendus de leurs v\u00e9los.<\/p>\n\n\n\n<figure id=\"attachment_1857\" aria-describedby=\"caption-attachment-1857\" style=\"width: 1248px\" class=\"wp-caption aligncenter\"><img loading=\"lazy\" decoding=\"async\" class=\"size-full wp-image-1857\" src=\"https:\/\/www.lunioncycliste31.fr\/wp-content\/uploads\/2019\/01\/IMG_20190126_150053.jpg\" alt=\"\" width=\"1248\" height=\"701\" srcset=\"https:\/\/www.lunioncycliste31.fr\/wp-content\/uploads\/2019\/01\/IMG_20190126_150053.jpg 1248w, https:\/\/www.lunioncycliste31.fr\/wp-content\/uploads\/2019\/01\/IMG_20190126_150053-300x169.jpg 300w, https:\/\/www.lunioncycliste31.fr\/wp-content\/uploads\/2019\/01\/IMG_20190126_150053-768x431.jpg 768w, https:\/\/www.lunioncycliste31.fr\/wp-content\/uploads\/2019\/01\/IMG_20190126_150053-1024x575.jpg 1024w, https:\/\/www.lunioncycliste31.fr\/wp-content\/uploads\/2019\/01\/IMG_20190126_150053-520x292.jpg 520w, https:\/\/www.lunioncycliste31.fr\/wp-content\/uploads\/2019\/01\/IMG_20190126_150053-740x416.jpg 740w\" sizes=\"auto, (max-width: 1248px) 100vw, 1248px\" \/><figcaption id=\"caption-attachment-1857\" class=\"wp-caption-text\">All-focus<\/figcaption><\/figure>\n","protected":false},"excerpt":{"rendered":"<p>Ce samedi se tenait l&rsquo;assembl\u00e9e g\u00e9n\u00e9rale du club, pr\u00e8s de 30 membres du club \u00e9taient pr\u00e9sents ou repr\u00e9sent\u00e9s. Le quorum largement atteint, c&rsquo;est devant une assembl\u00e9e attentive que le bureau [&hellip;]<\/p>\n","protected":false},"author":1,"featured_media":1861,"comment_status":"open","ping_status":"open","sticky":false,"template":"","format":"standard","meta":{"footnotes":""},"categories":[20,46],"tags":[47,49,48],"class_list":["post-1855","post","type-post","status-publish","format-standard","has-post-thumbnail","hentry","category-vie-du-club","category-vie-du-club-2019","tag-assemblee-generale","tag-bruno-saint-hilaire","tag-partenaire"],"_links":{"self":[{"href":"https:\/\/www.lunioncycliste31.fr\/index.php\/wp-json\/wp\/v2\/posts\/1855","targetHints":{"allow":["GET"]}}],"collection":[{"href":"https:\/\/www.lunioncycliste31.fr\/index.php\/wp-json\/wp\/v2\/posts"}],"about":[{"href":"https:\/\/www.lunioncycliste31.fr\/index.php\/wp-json\/wp\/v2\/types\/post"}],"author":[{"embeddable":true,"href":"https:\/\/www.lunioncycliste31.fr\/index.php\/wp-json\/wp\/v2\/users\/1"}],"replies":[{"embeddable":true,"href":"https:\/\/www.lunioncycliste31.fr\/index.php\/wp-json\/wp\/v2\/comments?post=1855"}],"version-history":[{"count":4,"href":"https:\/\/www.lunioncycliste31.fr\/index.php\/wp-json\/wp\/v2\/posts\/1855\/revisions"}],"predecessor-version":[{"id":2374,"href":"https:\/\/www.lunioncycliste31.fr\/index.php\/wp-json\/wp\/v2\/posts\/1855\/revisions\/2374"}],"wp:featuredmedia":[{"embeddable":true,"href":"https:\/\/www.lunioncycliste31.fr\/index.php\/wp-json\/wp\/v2\/media\/1861"}],"wp:attachment":[{"href":"https:\/\/www.lunioncycliste31.fr\/index.php\/wp-json\/wp\/v2\/media?parent=1855"}],"wp:term":[{"taxonomy":"category","embeddable":true,"href":"https:\/\/www.lunioncycliste31.fr\/index.php\/wp-json\/wp\/v2\/categories?post=1855"},{"taxonomy":"post_tag","embeddable":true,"href":"https:\/\/www.lunioncycliste31.fr\/index.php\/wp-json\/wp\/v2\/tags?post=1855"}],"curies":[{"name":"wp","href":"https:\/\/api.w.org\/{rel}","templated":true}]}}