{"id":2420,"date":"2019-03-19T23:06:38","date_gmt":"2019-03-19T22:06:38","guid":{"rendered":"https:\/\/www.lunioncycliste31.fr\/?p=2420"},"modified":"2019-06-03T23:50:53","modified_gmt":"2019-06-03T21:50:53","slug":"saint-julien-17-03-2019","status":"publish","type":"post","link":"https:\/\/www.lunioncycliste31.fr\/index.php\/2019\/03\/19\/saint-julien-17-03-2019\/","title":{"rendered":"Saint Julien 17\/03\/2019"},"content":{"rendered":"\n<p>C&rsquo;est par un dimanche gris et venteux que la saison d\u00e9marre pour les coureurs de l&rsquo;UC31. Trois repr\u00e9sentants de notre club (Alain D, Claude et Guillaume) \u00e9taient pr\u00e9sents ce dimanche \u00e0 Saint Julien pour cette premi\u00e8re course de l&rsquo;ann\u00e9e. Pardon : quatre repr\u00e9sentants, Dominique N \u00e9tait commissaire.<\/p>\n<p>C&rsquo;est sous un ciel plomb\u00e9, sans pluie, mais avec un vent bien pr\u00e9sent que nos coureurs s&rsquo;\u00e9lancent. Rapidement les groupes se forment. En cat\u00e9gorie 3, Guillaume, notre triathl\u00e8te s&rsquo;aligne pour sa premi\u00e8re course. Ce sera une course difficile mais Guillaume est dur au mal et terminera valeureusement loin des premiers certes, mais il aura pu mesurer ce qu&rsquo;est une course FSGT. Il ne sera pas surpris lors des prochaines.<\/p>\n<p>En cat\u00e9gorie 5, Alain et Claude sont ensemble sur la ligne de d\u00e9part, Claude par\u00e9 de son maillot de champion de Haute-Garonne. D\u00e8s le premier tour, 3 coureurs sortent du peloton. Au deuxi\u00e8me tour Claude tente de sortir, il r\u00e9ussit accompagn\u00e9 de 2 coureurs du club du Boulou. Dans le premier groupe, il y a d\u00e9j\u00e0 un coureur du Boulou. Claude va s&rsquo;amuser \u00e0 observer les membres d&rsquo;un m\u00eame club se poursuivre. La poursuite durera quand m\u00eame 2 tours. Finalement c&rsquo;est \u00e0 6 que l&rsquo;\u00e9chapp\u00e9e se pr\u00e9sente sur la derni\u00e8re ligne droite. Claude n&rsquo;\u00e9tant pas un grand sprinter, il finit cinqui\u00e8me de ce premier groupe. Alain D finira dans le peloton.<\/p>\n<p>Finalement c&rsquo;est une bonne op\u00e9ration pour Claude qui marque des points pour le challenge de printemps, et ce sur une course de plat, objectif atteint pour lui !<\/p>\n<p>\u00a0<\/p>\n<p>Quelques photos :\u00a0<a href=\"https:\/\/photos.app.goo.gl\/o3phuNttZa1JUuHT9\">https:\/\/photos.app.goo.gl\/o3phuNttZa1JUuHT9<\/a><\/p>\n","protected":false},"excerpt":{"rendered":"<p>Premi\u00e8re course de l&rsquo;ann\u00e9e pour trois de nos valeureux coureurs, la course de Saint Julien disput\u00e9 par un temps gris et venteux. Le r\u00e9sum\u00e9 et des photos.<\/p>\n","protected":false},"author":1,"featured_media":37,"comment_status":"open","ping_status":"open","sticky":false,"template":"","format":"standard","meta":{"footnotes":""},"categories":[3,50],"tags":[],"class_list":["post-2420","post","type-post","status-publish","format-standard","has-post-thumbnail","hentry","category-courses","category-courses-2019"],"_links":{"self":[{"href":"https:\/\/www.lunioncycliste31.fr\/index.php\/wp-json\/wp\/v2\/posts\/2420","targetHints":{"allow":["GET"]}}],"collection":[{"href":"https:\/\/www.lunioncycliste31.fr\/index.php\/wp-json\/wp\/v2\/posts"}],"about":[{"href":"https:\/\/www.lunioncycliste31.fr\/index.php\/wp-json\/wp\/v2\/types\/post"}],"author":[{"embeddable":true,"href":"https:\/\/www.lunioncycliste31.fr\/index.php\/wp-json\/wp\/v2\/users\/1"}],"replies":[{"embeddable":true,"href":"https:\/\/www.lunioncycliste31.fr\/index.php\/wp-json\/wp\/v2\/comments?post=2420"}],"version-history":[{"count":8,"href":"https:\/\/www.lunioncycliste31.fr\/index.php\/wp-json\/wp\/v2\/posts\/2420\/revisions"}],"predecessor-version":[{"id":2665,"href":"https:\/\/www.lunioncycliste31.fr\/index.php\/wp-json\/wp\/v2\/posts\/2420\/revisions\/2665"}],"wp:featuredmedia":[{"embeddable":true,"href":"https:\/\/www.lunioncycliste31.fr\/index.php\/wp-json\/wp\/v2\/media\/37"}],"wp:attachment":[{"href":"https:\/\/www.lunioncycliste31.fr\/index.php\/wp-json\/wp\/v2\/media?parent=2420"}],"wp:term":[{"taxonomy":"category","embeddable":true,"href":"https:\/\/www.lunioncycliste31.fr\/index.php\/wp-json\/wp\/v2\/categories?post=2420"},{"taxonomy":"post_tag","embeddable":true,"href":"https:\/\/www.lunioncycliste31.fr\/index.php\/wp-json\/wp\/v2\/tags?post=2420"}],"curies":[{"name":"wp","href":"https:\/\/api.w.org\/{rel}","templated":true}]}}