{"id":250,"date":"2017-10-01T16:38:31","date_gmt":"2017-10-01T14:38:31","guid":{"rendered":"http:\/\/lunioncycliste31.fr\/?p=250"},"modified":"2017-10-01T23:24:17","modified_gmt":"2017-10-01T21:24:17","slug":"course-de-villaries-fsgt-1102017","status":"publish","type":"post","link":"https:\/\/www.lunioncycliste31.fr\/index.php\/2017\/10\/01\/course-de-villaries-fsgt-1102017\/","title":{"rendered":"Course de Villari\u00e8s FSGT &#8211; 1\/10\/2017"},"content":{"rendered":"<div>DERNIERE EPREUVE ROUTE DE LA SAISON 2017.<\/div>\n<div><\/div>\n<div>En 5\u00e8me cat\u00e9gorie les repr\u00e9sentants de L&rsquo;UC31 ont particuli\u00e8rement anim\u00e9s la course, avec de nombreuses tentatives d&rsquo;\u00e9chapp\u00e9es.<\/div>\n<div>La \u00ab\u00a0bonne\u00a0\u00bb est prise par Olivier Ponce qui s&rsquo;en va avec Claude Salvat, \u00e0 eux deux ils creusent vite un large \u00e9cart aid\u00e9 en cela par les coureurs du club rest\u00e9s dans le peloton et qui musellent toutes tentatives de contre. Bel esprit d&rsquo;\u00e9quipe des deux Alain\u00a0Pocq\u00a0et Dufau ce dernier fausse compagnie au peloton \u00e0 3 tours de la fin (sur 10t), quelques km plus loin il est rejoint dans la bosse par Dominique N. (comme pr\u00e9vu au briefing il y a quelques jours \u00e0 la reconnaissance du circuit. Olivier encore un peu tendre laisse \u00e9chapper la victoire L&rsquo;UC31 aux 2\u00e8me 3\u00e8me et 4\u00e8me places Alain au pied du podium. Mais il faudra donner des cours de strat\u00e9gie cycliste \u00e0 Olivier le n\u00e9ophyte, mais avant cela nous r\u00e9glerons nos comptes devant une bi\u00e8re.<\/div>\n<div>Dans la course des 4 Franck Dedieu fini dans le paquet.<\/div>\n<div>En toutes cat\u00e9gories nos repr\u00e9sentants Franck Delrieu, J.O. Pellier, David Pocq terminent bien plac\u00e9 dans le peloton. David se classe 2\u00e8me du challenge d&rsquo;automne derri\u00e8re l&rsquo;intouchable Christophe Jacques Dit Chartreau. Un grand bravo \u00e0 David.<\/div>\n<div>Vive la saison route 2018<\/div>\n<div><\/div>\n<div><img loading=\"lazy\" decoding=\"async\" class=\"alignnone size-large wp-image-278 aligncenter\" src=\"http:\/\/lunioncycliste31.fr\/wp-content\/uploads\/2017\/10\/2017_Villaries1-1024x576.jpg\" alt=\"\" width=\"750\" height=\"422\" srcset=\"https:\/\/www.lunioncycliste31.fr\/wp-content\/uploads\/2017\/10\/2017_Villaries1-1024x576.jpg 1024w, https:\/\/www.lunioncycliste31.fr\/wp-content\/uploads\/2017\/10\/2017_Villaries1-300x169.jpg 300w, https:\/\/www.lunioncycliste31.fr\/wp-content\/uploads\/2017\/10\/2017_Villaries1-768x432.jpg 768w, https:\/\/www.lunioncycliste31.fr\/wp-content\/uploads\/2017\/10\/2017_Villaries1.jpg 2048w\" sizes=\"auto, (max-width: 750px) 100vw, 750px\" \/><\/div>\n<div style=\"text-align: center;\">Podium du challenge d&rsquo;automne<\/div>\n<div><\/div>\n<div style=\"text-align: center;\"><img loading=\"lazy\" decoding=\"async\" class=\"alignnone size-large wp-image-277\" src=\"http:\/\/lunioncycliste31.fr\/wp-content\/uploads\/2017\/10\/2017Villaries2-1024x653.jpg\" alt=\"\" width=\"750\" height=\"478\" srcset=\"https:\/\/www.lunioncycliste31.fr\/wp-content\/uploads\/2017\/10\/2017Villaries2-1024x653.jpg 1024w, https:\/\/www.lunioncycliste31.fr\/wp-content\/uploads\/2017\/10\/2017Villaries2-300x191.jpg 300w, https:\/\/www.lunioncycliste31.fr\/wp-content\/uploads\/2017\/10\/2017Villaries2-768x489.jpg 768w, https:\/\/www.lunioncycliste31.fr\/wp-content\/uploads\/2017\/10\/2017Villaries2.jpg 2048w\" sizes=\"auto, (max-width: 750px) 100vw, 750px\" \/><\/div>\n<div style=\"text-align: center;\">Podium de la course des 5<\/div>\n<div><\/div>\n<div>Merci Dominique pour ce r\u00e9sum\u00e9 circonstanci\u00e9.<\/div>\n","protected":false},"excerpt":{"rendered":"<p>DERNIERE EPREUVE ROUTE DE LA SAISON 2017. En 5\u00e8me cat\u00e9gorie les repr\u00e9sentants de L&rsquo;UC31 ont particuli\u00e8rement anim\u00e9s la course, avec de nombreuses tentatives d&rsquo;\u00e9chapp\u00e9es. La \u00ab\u00a0bonne\u00a0\u00bb est prise par Olivier [&hellip;]<\/p>\n","protected":false},"author":1,"featured_media":277,"comment_status":"open","ping_status":"open","sticky":false,"template":"","format":"standard","meta":{"footnotes":""},"categories":[3,4],"tags":[5],"class_list":["post-250","post","type-post","status-publish","format-standard","has-post-thumbnail","hentry","category-courses","category-courses-2017","tag-fsgt"],"_links":{"self":[{"href":"https:\/\/www.lunioncycliste31.fr\/index.php\/wp-json\/wp\/v2\/posts\/250","targetHints":{"allow":["GET"]}}],"collection":[{"href":"https:\/\/www.lunioncycliste31.fr\/index.php\/wp-json\/wp\/v2\/posts"}],"about":[{"href":"https:\/\/www.lunioncycliste31.fr\/index.php\/wp-json\/wp\/v2\/types\/post"}],"author":[{"embeddable":true,"href":"https:\/\/www.lunioncycliste31.fr\/index.php\/wp-json\/wp\/v2\/users\/1"}],"replies":[{"embeddable":true,"href":"https:\/\/www.lunioncycliste31.fr\/index.php\/wp-json\/wp\/v2\/comments?post=250"}],"version-history":[{"count":5,"href":"https:\/\/www.lunioncycliste31.fr\/index.php\/wp-json\/wp\/v2\/posts\/250\/revisions"}],"predecessor-version":[{"id":281,"href":"https:\/\/www.lunioncycliste31.fr\/index.php\/wp-json\/wp\/v2\/posts\/250\/revisions\/281"}],"wp:featuredmedia":[{"embeddable":true,"href":"https:\/\/www.lunioncycliste31.fr\/index.php\/wp-json\/wp\/v2\/media\/277"}],"wp:attachment":[{"href":"https:\/\/www.lunioncycliste31.fr\/index.php\/wp-json\/wp\/v2\/media?parent=250"}],"wp:term":[{"taxonomy":"category","embeddable":true,"href":"https:\/\/www.lunioncycliste31.fr\/index.php\/wp-json\/wp\/v2\/categories?post=250"},{"taxonomy":"post_tag","embeddable":true,"href":"https:\/\/www.lunioncycliste31.fr\/index.php\/wp-json\/wp\/v2\/tags?post=250"}],"curies":[{"name":"wp","href":"https:\/\/api.w.org\/{rel}","templated":true}]}}