{"id":2508,"date":"2019-04-29T22:39:33","date_gmt":"2019-04-29T20:39:33","guid":{"rendered":"https:\/\/www.lunioncycliste31.fr\/?p=2508"},"modified":"2019-05-04T18:53:02","modified_gmt":"2019-05-04T16:53:02","slug":"aussonne-aussonne-28-04-2019","status":"publish","type":"post","link":"https:\/\/www.lunioncycliste31.fr\/index.php\/2019\/04\/29\/aussonne-aussonne-28-04-2019\/","title":{"rendered":"Aussonne Aussonne &#8211; 28\/04\/2019"},"content":{"rendered":"\n<p>Aussonne &#8211; Aussonne cette course un peu diff\u00e9rente des autres une grande boucle \u00e0 faire une seule fois. Le circuit tr\u00e8s vallonn\u00e9, pr\u00e8s de 850m de D+, est l\u00e9g\u00e8rement diff\u00e9rent pour les 4<sup>\u00e8mes<\/sup> et 5<sup>\u00e8mes<\/sup> cat\u00e9gorie. En effet il est tronqu\u00e9 de la premi\u00e8re partie plane du parcours.<\/p>\n<p>3 coureurs de l&rsquo;UC 31, Christian M, David P et Fr\u00e9d\u00e9ric M, \u00e9taient au d\u00e9part de la classique Aussonne-Aussonne en 1, 2 et 3\u00e8mes cat\u00e9gories. Trois premi\u00e8res pour cette \u00e9preuve, bapt\u00eame du feu pour notre nouveau maillot. Premi\u00e8re course de Fr\u00e9d\u00e9ric \u00e0 ce niveau puisqu&rsquo;il vient de passer en 3e cat\u00e9gorie apr\u00e8s ses victoires des 7 et 14 avril. Et premi\u00e8re course de la saison 2019 pour David. Environ 80 coureurs sont au d\u00e9part.<\/p>\n<p>Entre le d\u00e9part fictif \u00e0 Aussonne et le d\u00e9part r\u00e9el \u00e0 la sortie de Merville 5 km plus loin, \u00e7a frotte d\u00e9j\u00e0 dans les ronds-points car tout le monde veut \u00eatre bien plac\u00e9 pour le d\u00e9part r\u00e9el.<\/p>\n<p>Les vingt premiers kilom\u00e8tres plats sont parcourus \u00e0 grande vitesse ; David, Christian et Fr\u00e9d\u00e9ric participent activement aux premi\u00e8res escarmouches, ce qui leur permet de ne pas trop subir les vagues et les frottements dans le peloton. L\u2019homme \u00e0 surveiller \u00e9tant Christophe Jacques Dit Chertreau, Christian essaye de se placer le plus souvent \u00e0 c\u00f4t\u00e9 de lui et de le suivre comme son ombre.<\/p>\n<p>La premi\u00e8re c\u00f4te \u00e0 la sortie de Saint-Paul-sur-Save est mont\u00e9e face au vent, ce qui calme un peu les ardeurs des coureurs. Un groupe s&rsquo;\u00e9chappe malgr\u00e9 tout sur le plateau apr\u00e8s la c\u00f4te. En revanche, la mont\u00e9e de Puyss\u00e9gur est tr\u00e8s rapide : Fr\u00e9d\u00e9ric arrive \u00e0 basculer de justesse (en se mettant \u00e0 bloc\u00a0!) avec les meilleurs en t\u00eate de peloton, Christian et David sont aussi dans le peloton mais ils doivent faire des efforts pour souvent se replacer car \u00e7a d\u00e9borde de tous les c\u00f4t\u00e9s.<\/p>\n<p>\u00c0 Brignemont, les coureurs prennent le vent de dos et les deux bosses suivantes sont aval\u00e9es \u00e0 toute vitesse. Les descentes sont \u00e9galement tr\u00e8s rapides (80 km\/h en vitesse de pointe\u00a0!). Fr\u00e9d\u00e9ric, plut\u00f4t bien plac\u00e9, arrive \u00e0 rester dans les premi\u00e8res places du peloton mais il est toujours \u00e0 bloc\u00a0; Christian, mal plac\u00e9, bataille un bon moment derri\u00e8re pour ne pas l\u00e2cher car il y a maintenant des groupes de coureurs \u00e9parpill\u00e9s partout sur la route\u00a0; David, lui, est distanc\u00e9 un peu avant le sommet de la c\u00f4te pr\u00e9c\u00e9dant Cadours mais il s\u2019accroche\u00a0: il est d\u2019ailleurs tout proche de recoller au peloton quelques kilom\u00e8tres plus loin.<\/p>\n<p>Malheureusement, la terrible c\u00f4te de Caubiac se profile et c&rsquo;est l\u00e0 que tout va se jouer : l&rsquo;\u00e9chapp\u00e9e est reprise au milieu de la bosse, les costauds (une dizaine de coureurs) se d\u00e9gagent, Fr\u00e9d\u00e9ric n&rsquo;arrive pas \u00e0 les suivre mais il ne lui manque pas grand-chose (il bascule \u00e0 11 secondes de la t\u00eate d\u2019apr\u00e8s les donn\u00e9es Strava, de sa mont\u00e9e, compar\u00e9es \u00e0 celles de Christophe Jacques Dit Chertreau !). Pour Christian, les jambes ne sont pas l\u00e0 mais il s\u2019accroche comme il peut et reste dans les derni\u00e8res positions de ce qu\u2019il reste du peloton. \u00c0 Garac, Christian et Fr\u00e9d\u00e9ric se retrouvent donc dans le peloton principal qui garde l&rsquo;\u00e9chapp\u00e9e en point de mire jusqu&rsquo;\u00e0 l&rsquo;arriv\u00e9e (20 \u00e0 30 secondes d&rsquo;\u00e9cart).<\/p>\n<p>La derni\u00e8re bosse, celle de Merville, est mont\u00e9e rapidement. Fr\u00e9d\u00e9ric la passe sans encombre et bien plac\u00e9, Christian a quelques longueurs de retard au sommet qu\u2019il comble sur le plat. Dans les 10 derniers kilom\u00e8tres plats jusqu&rsquo;\u00e0 l&rsquo;arriv\u00e9e, \u00e7a frotte fort et il y a des vagues car les coureurs croisent des voitures arr\u00eat\u00e9es en contresens. Fr\u00e9d\u00e9ric se place moyennement bien pour le sprint du peloton qu\u2019il termine environ \u00e0 la 10e place. Christian, encore moins bien plac\u00e9, finit dans le m\u00eame peloton que Fr\u00e9d\u00e9ric.<\/p>\n<p>Une heure plus tard, alors que Fr\u00e9d\u00e9ric allait quitter Aussonne, Christian lui t\u00e9l\u00e9phone pour lui annoncer qu\u2019il est 3e des 3e cat\u00e9gories ! Il \u00e9tait moins une, il a failli louper la c\u00e9r\u00e9monie des podiums et la belle corbeille de fruits qui l\u2019attendait\u00a0! Apr\u00e8s\u00a024 ans d&rsquo;arr\u00eat, Fr\u00e9d\u00e9ric fait donc un 4e podium en 4 courses&#8230; c&rsquo;est un petit miracle ! M\u00eame dans ses r\u00eaves les plus fous, il n&rsquo;aurait pas pu imaginer une reprise aussi r\u00e9ussie.<\/p>\n<p>Christian finit 7\u00e8me en 3e cat\u00e9gorie. Course \u00e0 oublier pour lui car les jambes n&rsquo;\u00e9taient pas l\u00e0, mais finalement pas si mal que \u00e7a\u2026<\/p>\n<p>En plus gr\u00e2ce \u00e0 leur r\u00e9sultats pr\u00e9c\u00e9dents Fr\u00e9d\u00e9ric et Christian finissent 6\u00e8me ex-aequo au challenge de Printemps bravo \u00e0 eux 2 !<\/p>\n<p>David finit dans un peloton d&rsquo;une vingtaine de coureurs (45\u00e8me en seconde cat\u00e9gorie). C&rsquo;\u00e9tait la premi\u00e8re course de la saison pour lui, il manque un peu de rythme mais cela va vite revenir, n&rsquo;en doutons pas ! Ceci dit, la performance de David est tout sauf anodine quand on regarde la moyenne de la course, 38,8 km\/h en comptant les 5 kilom\u00e8tres de d\u00e9part fictif donc a priori autour de 40 km\/h \u00e0 partir du d\u00e9part r\u00e9el avec 800 m de d\u00e9nivel\u00e9 : c\u2019\u00e9tait une sacr\u00e9e moyenne pour une reprise !<\/p>\n<p>\u00a0<\/p>\n<p>Du c\u00f4t\u00e9 des 4 et 5 Claude doit assurer pour gagner le challenge du printemps. Comme toujours sur cette course la s\u00e9lection se fait par l\u2019arri\u00e8re avec la succession de c\u00f4tes. Claude profite de la c\u00f4te de Caubiac pour sortir et se d\u00e9gourdir les jambes. Dans la bosse suivante deux coureurs le rejoignent suivi de pr\u00e8s par le peloton, enfin ce qu\u2019il en reste. Les coureurs doublent Claude, il les laisse passer, il n\u2019y croit pas. Dommage Claude c\u2019\u00e9tait la bonne, le peloton ne les reverra plus. Dans la vall\u00e9e, regroupement derri\u00e8re les 2 de devant, et voil\u00e0 un peloton de 25 coureurs qui chasse pour reprendre les 2 \u00e9chapp\u00e9es. Apr\u00e8s une longue chasse le peloton \u00e9choue \u00e0 quelques m\u00e8tres des \u00e9chapp\u00e9es. Claude bien plac\u00e9 finit 6 ou 7<sup>\u00e8me<\/sup>, malgr\u00e9 ses difficult\u00e9s au sprint. De ce fait il remporte le challenge de Printemps\u00a0! Encore une victoire ce week-end\u00a0! Bravo Claude\u00a0! Un challenge bien m\u00e9rit\u00e9 apr\u00e8s plusieurs courses gagn\u00e9es, de tr\u00e8s bons calculs, et surtout une belle forme.<\/p>\n<p><img loading=\"lazy\" decoding=\"async\" class=\"aligncenter size-full wp-image-2511\" src=\"https:\/\/www.lunioncycliste31.fr\/wp-content\/uploads\/2019\/04\/IMG_1922.jpg\" alt=\"\" width=\"640\" height=\"480\" srcset=\"https:\/\/www.lunioncycliste31.fr\/wp-content\/uploads\/2019\/04\/IMG_1922.jpg 640w, https:\/\/www.lunioncycliste31.fr\/wp-content\/uploads\/2019\/04\/IMG_1922-300x225.jpg 300w, https:\/\/www.lunioncycliste31.fr\/wp-content\/uploads\/2019\/04\/IMG_1922-520x390.jpg 520w\" sizes=\"auto, (max-width: 640px) 100vw, 640px\" \/><\/p>\n","protected":false},"excerpt":{"rendered":"<p>Aussonne &#8211; Aussonne cette course un peu diff\u00e9rente des autres une grande boucle \u00e0 faire une seule fois. Le circuit tr\u00e8s vallonn\u00e9, pr\u00e8s de 850m de D+, est l\u00e9g\u00e8rement diff\u00e9rent [&hellip;]<\/p>\n","protected":false},"author":1,"featured_media":2510,"comment_status":"open","ping_status":"open","sticky":false,"template":"","format":"standard","meta":{"footnotes":""},"categories":[3,50],"tags":[],"class_list":["post-2508","post","type-post","status-publish","format-standard","has-post-thumbnail","hentry","category-courses","category-courses-2019"],"_links":{"self":[{"href":"https:\/\/www.lunioncycliste31.fr\/index.php\/wp-json\/wp\/v2\/posts\/2508","targetHints":{"allow":["GET"]}}],"collection":[{"href":"https:\/\/www.lunioncycliste31.fr\/index.php\/wp-json\/wp\/v2\/posts"}],"about":[{"href":"https:\/\/www.lunioncycliste31.fr\/index.php\/wp-json\/wp\/v2\/types\/post"}],"author":[{"embeddable":true,"href":"https:\/\/www.lunioncycliste31.fr\/index.php\/wp-json\/wp\/v2\/users\/1"}],"replies":[{"embeddable":true,"href":"https:\/\/www.lunioncycliste31.fr\/index.php\/wp-json\/wp\/v2\/comments?post=2508"}],"version-history":[{"count":4,"href":"https:\/\/www.lunioncycliste31.fr\/index.php\/wp-json\/wp\/v2\/posts\/2508\/revisions"}],"predecessor-version":[{"id":2517,"href":"https:\/\/www.lunioncycliste31.fr\/index.php\/wp-json\/wp\/v2\/posts\/2508\/revisions\/2517"}],"wp:featuredmedia":[{"embeddable":true,"href":"https:\/\/www.lunioncycliste31.fr\/index.php\/wp-json\/wp\/v2\/media\/2510"}],"wp:attachment":[{"href":"https:\/\/www.lunioncycliste31.fr\/index.php\/wp-json\/wp\/v2\/media?parent=2508"}],"wp:term":[{"taxonomy":"category","embeddable":true,"href":"https:\/\/www.lunioncycliste31.fr\/index.php\/wp-json\/wp\/v2\/categories?post=2508"},{"taxonomy":"post_tag","embeddable":true,"href":"https:\/\/www.lunioncycliste31.fr\/index.php\/wp-json\/wp\/v2\/tags?post=2508"}],"curies":[{"name":"wp","href":"https:\/\/api.w.org\/{rel}","templated":true}]}}