{"id":2654,"date":"2019-05-31T10:32:19","date_gmt":"2019-05-31T08:32:19","guid":{"rendered":"https:\/\/www.lunioncycliste31.fr\/?p=2654"},"modified":"2019-07-22T17:06:20","modified_gmt":"2019-07-22T15:06:20","slug":"courses-de-villamatier-30-05-2019","status":"publish","type":"post","link":"https:\/\/www.lunioncycliste31.fr\/index.php\/2019\/05\/31\/courses-de-villamatier-30-05-2019\/","title":{"rendered":"Courses de Villematier &#8211; 30\/05\/2019"},"content":{"rendered":"\n<p>\u00c0 Villematier, le jeudi de l&rsquo;Ascension a \u00e9t\u00e9 le th\u00e9\u00e2tre d&rsquo;une grosse journ\u00e9e de v\u00e9lo pour certains coureurs de l&rsquo;UC 31 : au programme, le championnat d&rsquo;Occitanie CLM par \u00e9quipes dans la matin\u00e9e (25 km) et course en ligne l&rsquo;apr\u00e8s-midi (81 km).<\/p>\n<p>&nbsp;<\/p>\n<p>Le CLM par \u00e9quipes \u00e9tait un des grands objectifs de Christian M qui l&rsquo;avait minutieusement pr\u00e9par\u00e9 ces derni\u00e8res semaines. R\u00e9sultat : une sciatique carabin\u00e9e, suite \u00e0 la difficile course de Castelnau d&rsquo;Estr\u00e9tefonds, l&rsquo;a oblig\u00e9 \u00e0 d\u00e9clarer forfait 48 h avant l&rsquo;\u00e9preuve. Cruel destin&#8230; Du coup, c&rsquo;est Guillaume D qui a gentiment et courageusement accept\u00e9 de remplacer Christian au pied lev\u00e9. L&rsquo;\u00e9quipe \u00e9tait donc constitu\u00e9e d&rsquo;Aur\u00e9lien M (le fils de Christian), Jean-Olivier P, Fr\u00e9d\u00e9ric M et donc Guillaume. Seulement 9 \u00e9quipes au d\u00e9part mais du beau monde. L&rsquo;objectif initial \u00e9tait un podium mais, sans le capitaine de route, il semblait inaccessible. Toutefois, l&rsquo;\u00e9quipe est partie tambour battant avec l&rsquo;envie de faire pour le mieux. Nos 4 coureurs se sont relay\u00e9s sans faiblir pendant les 5 premiers kilom\u00e8tres mais le vent de face, la bosse et les virages pris \u00e0 fond par Jean-Olivier ont eu ensuite raison de Guillaume dont c&rsquo;\u00e9tait la premi\u00e8re exp\u00e9rience dans cette \u00e9preuve tr\u00e8s exigeante. L&rsquo;\u00e9quipe a donc continu\u00e9 et fini \u00e0 3 coureurs (pas le choix, le temps \u00e9tant pris sur le 3\u00e8me coureur !) et se classe \u00e0 une honorable 5\u00e8me place \u00e0 une minute du podium. Nul doute qu&rsquo;elle aurait pu chatouiller le podium avec Christian. L&rsquo;\u00e9quipe remettra \u00e7a l&rsquo;ann\u00e9e prochaine&#8230; si l&rsquo;\u00e9preuve est maintenue, ce qui est loin d&rsquo;\u00eatre s\u00fbr \u00e9tant donn\u00e9 la faible participation. Vraiment dommage !<\/p>\n<p>Apr\u00e8s un d\u00e9jeuner sur l&rsquo;herbe et une petite sieste, Aur\u00e9lien et Fr\u00e9d\u00e9ric ont prolong\u00e9 le plaisir avec la course de l&rsquo;apr\u00e8s-midi sur un circuit plat de 81 km (9 tours de 9 km) dans laquelle les 2\u00e8me et 3\u00e8me cat\u00e9gories \u00e9taient encore \u00ab\u00a0m\u00e9lang\u00e9s\u00a0\u00bb. Mais ce coup-ci c&rsquo;\u00e9tait parfaitement justifi\u00e9 puisqu&rsquo;il n&rsquo;y avait qu&rsquo;une trentaine de coureurs au total. Dommage que le beau temps enfin arriv\u00e9 dans la r\u00e9gion n&rsquo;ait pas attir\u00e9 plus de concurrents ! La course a \u00e9t\u00e9 rapide malgr\u00e9 ce petit peloton (40 km\/h de moyenne) et les rebondissements nombreux. D\u00e8s le 1er tour, la moiti\u00e9 du peloton se fait la malle avec Aur\u00e9lien dans le bon coup alors que Fr\u00e9d\u00e9ric croit d\u00e9j\u00e0 que la course est perdue pour lui. Finalement, les hommes de t\u00eate ne s&rsquo;entendent pas et sont repris \u00e0 l&rsquo;exception de Mathieu Grolier qui poursuit son effort et fait un sacr\u00e9 num\u00e9ro en solo \u00e0 plus de 41 km\/h pendant environ la moiti\u00e9 de la course ! Derri\u00e8re, plein de coups tentent de partir et Aur\u00e9lien et Fr\u00e9d\u00e9ric sont alternativement dans les diff\u00e9rentes tentatives mais sans succ\u00e8s. Vers la mi-course, apr\u00e8s une grosse bagarre pour s&rsquo;extirper, Aur\u00e9lien et Fr\u00e9d\u00e9ric sont dans un groupe de 9 coureurs (dont 4 de 3\u00e8me cat\u00e9gorie, la cat\u00e9gorie de nos 2 coureurs). Le trou est fait, \u00e7a semble \u00eatre la bonne \u00e9chapp\u00e9e, les 9 hommes rejoignent Grolier et, inexplicablement, alors que les 4 coureurs de 3\u00e8me cat\u00e9gorie continuent de se relayer, les 2\u00e8me cat\u00e9gories sautent les relais. Les 10 hommes (les 9 + Grolier) sont revus alors que m\u00eame que le peloton \u00e9tait r\u00e9sign\u00e9 ! Tout est \u00e0 refaire. Apr\u00e8s d&rsquo;autres escarmouches auxquelles Aur\u00e9lien et Fr\u00e9d\u00e9ric continuent de participer,&nbsp; 5 coureurs de 2\u00e8me cat\u00e9gorie arrivent enfin \u00e0 sortir \u00e0 2 tours de l&rsquo;arriv\u00e9e. Aur\u00e9lien tente de les rejoindre en compagnie de Grolier mais sans succ\u00e8s. Sur le contre, Fr\u00e9d\u00e9ric et 3 autres coureurs (dont un autre 3\u00e8me cat\u00e9gorie de Balma) arrivent enfin \u00e0 sortir. Bien prot\u00e9g\u00e9 par Aur\u00e9lien qui fait un super travail d&rsquo;\u00e9quipe, Fr\u00e9d\u00e9ric et ses 3 comparses font le trou et rejoignent m\u00eame les 5 hommes de t\u00eate \u00e0 5 km de l&rsquo;arriv\u00e9e. Mais depuis quelques kilom\u00e8tres, le coureur de Balma est coll\u00e9 \u00e0 la roue de Fr\u00e9d\u00e9ric et se d\u00e9sint\u00e9resse du classement scratch : seule la victoire en 3\u00e8me cat\u00e9gorie semble le pr\u00e9occuper. Fr\u00e9d\u00e9ric est donc oblig\u00e9 d&rsquo;en tenir compte et il laisse partir un coureur puis un autre. Apr\u00e8s le dernier virage \u00e0 300 m\u00e8tres de la ligne, il lance son sprint avec le coureur de Balma toujours dans son sillage, il semble bien parti pour s&rsquo;imposer (malgr\u00e9 ses presque 140 km de la journ\u00e9e dans les jambes !) mais il met un braquet trop souple pour les 100 derniers m\u00e8tres en l\u00e9g\u00e8re mont\u00e9e et il sent son adversaire le remonter sur la droite. Il ne doit son salut qu&rsquo;\u00e0 son jet\u00e9 de v\u00e9lo sur la ligne qui lui permet de s&rsquo;imposer d&rsquo;une demi-roue (grand maximum !). C&rsquo;est la 4\u00e8me victoire (et 6\u00e8me podium) de Fr\u00e9d\u00e9ric en 8 courses mais c&rsquo;est sa 1\u00e8re victoire en 3\u00e8me cat\u00e9gorie et \u00e9galement sa 1\u00e8re victoire avec le maillot de Champion d&rsquo;Occitanie !<\/p>\n<p>Quant \u00e0 Aur\u00e9lien, il finit dans le peloton \u00e0 la 5\u00e8me place. Une belle performance 4 jours seulement apr\u00e8s sa toute premi\u00e8re course de l&rsquo;ann\u00e9e. Nul doute qu&rsquo;avec un peu plus de rythme, il va faire souffrir plus d&rsquo;un coureur dans la suite de la saison !<\/p>\n<p><img loading=\"lazy\" decoding=\"async\" class=\"aligncenter size-full wp-image-2656\" src=\"https:\/\/www.lunioncycliste31.fr\/wp-content\/uploads\/2019\/06\/IMG_2023.jpg\" alt=\"\" width=\"640\" height=\"480\" srcset=\"https:\/\/www.lunioncycliste31.fr\/wp-content\/uploads\/2019\/06\/IMG_2023.jpg 640w, https:\/\/www.lunioncycliste31.fr\/wp-content\/uploads\/2019\/06\/IMG_2023-300x225.jpg 300w, https:\/\/www.lunioncycliste31.fr\/wp-content\/uploads\/2019\/06\/IMG_2023-520x390.jpg 520w\" sizes=\"auto, (max-width: 640px) 100vw, 640px\" \/> <img loading=\"lazy\" decoding=\"async\" class=\"aligncenter size-large wp-image-2657\" src=\"https:\/\/www.lunioncycliste31.fr\/wp-content\/uploads\/2019\/06\/IMG_2042.jpg\" alt=\"\" width=\"640\" height=\"480\" srcset=\"https:\/\/www.lunioncycliste31.fr\/wp-content\/uploads\/2019\/06\/IMG_2042.jpg 640w, https:\/\/www.lunioncycliste31.fr\/wp-content\/uploads\/2019\/06\/IMG_2042-300x225.jpg 300w, https:\/\/www.lunioncycliste31.fr\/wp-content\/uploads\/2019\/06\/IMG_2042-520x390.jpg 520w\" sizes=\"auto, (max-width: 640px) 100vw, 640px\" \/> <img loading=\"lazy\" decoding=\"async\" class=\"aligncenter size-large wp-image-2658\" src=\"https:\/\/www.lunioncycliste31.fr\/wp-content\/uploads\/2019\/06\/IMG_2045.jpg\" alt=\"\" width=\"640\" height=\"480\" srcset=\"https:\/\/www.lunioncycliste31.fr\/wp-content\/uploads\/2019\/06\/IMG_2045.jpg 640w, https:\/\/www.lunioncycliste31.fr\/wp-content\/uploads\/2019\/06\/IMG_2045-300x225.jpg 300w, https:\/\/www.lunioncycliste31.fr\/wp-content\/uploads\/2019\/06\/IMG_2045-520x390.jpg 520w\" sizes=\"auto, (max-width: 640px) 100vw, 640px\" \/> <img loading=\"lazy\" decoding=\"async\" class=\"aligncenter size-large wp-image-2659\" src=\"https:\/\/www.lunioncycliste31.fr\/wp-content\/uploads\/2019\/06\/IMG_4401-1024x743.jpg\" alt=\"\" width=\"1024\" height=\"743\" srcset=\"https:\/\/www.lunioncycliste31.fr\/wp-content\/uploads\/2019\/06\/IMG_4401-1024x743.jpg 1024w, https:\/\/www.lunioncycliste31.fr\/wp-content\/uploads\/2019\/06\/IMG_4401-300x218.jpg 300w, https:\/\/www.lunioncycliste31.fr\/wp-content\/uploads\/2019\/06\/IMG_4401-768x557.jpg 768w, https:\/\/www.lunioncycliste31.fr\/wp-content\/uploads\/2019\/06\/IMG_4401-520x377.jpg 520w, https:\/\/www.lunioncycliste31.fr\/wp-content\/uploads\/2019\/06\/IMG_4401-740x537.jpg 740w, https:\/\/www.lunioncycliste31.fr\/wp-content\/uploads\/2019\/06\/IMG_4401.jpg 1984w\" sizes=\"auto, (max-width: 1024px) 100vw, 1024px\" \/> <img loading=\"lazy\" decoding=\"async\" class=\"aligncenter size-large wp-image-2660\" src=\"https:\/\/www.lunioncycliste31.fr\/wp-content\/uploads\/2019\/06\/IMG_4400-1024x768.jpg\" alt=\"\" width=\"1024\" height=\"768\" srcset=\"https:\/\/www.lunioncycliste31.fr\/wp-content\/uploads\/2019\/06\/IMG_4400-1024x768.jpg 1024w, https:\/\/www.lunioncycliste31.fr\/wp-content\/uploads\/2019\/06\/IMG_4400-300x225.jpg 300w, https:\/\/www.lunioncycliste31.fr\/wp-content\/uploads\/2019\/06\/IMG_4400-768x576.jpg 768w, https:\/\/www.lunioncycliste31.fr\/wp-content\/uploads\/2019\/06\/IMG_4400-520x390.jpg 520w, https:\/\/www.lunioncycliste31.fr\/wp-content\/uploads\/2019\/06\/IMG_4400-740x555.jpg 740w, https:\/\/www.lunioncycliste31.fr\/wp-content\/uploads\/2019\/06\/IMG_4400.jpg 1440w\" sizes=\"auto, (max-width: 1024px) 100vw, 1024px\" \/> <img loading=\"lazy\" decoding=\"async\" class=\"aligncenter size-large wp-image-2661\" src=\"https:\/\/www.lunioncycliste31.fr\/wp-content\/uploads\/2019\/06\/IMG_4402-1024x768.jpg\" alt=\"\" width=\"1024\" height=\"768\" srcset=\"https:\/\/www.lunioncycliste31.fr\/wp-content\/uploads\/2019\/06\/IMG_4402-1024x768.jpg 1024w, https:\/\/www.lunioncycliste31.fr\/wp-content\/uploads\/2019\/06\/IMG_4402-300x225.jpg 300w, https:\/\/www.lunioncycliste31.fr\/wp-content\/uploads\/2019\/06\/IMG_4402-768x576.jpg 768w, https:\/\/www.lunioncycliste31.fr\/wp-content\/uploads\/2019\/06\/IMG_4402-520x390.jpg 520w, https:\/\/www.lunioncycliste31.fr\/wp-content\/uploads\/2019\/06\/IMG_4402-740x555.jpg 740w, https:\/\/www.lunioncycliste31.fr\/wp-content\/uploads\/2019\/06\/IMG_4402.jpg 1920w\" sizes=\"auto, (max-width: 1024px) 100vw, 1024px\" \/><\/p>\n","protected":false},"excerpt":{"rendered":"<p>\u00c0 Villematier, le jeudi de l&rsquo;Ascension a \u00e9t\u00e9 le th\u00e9\u00e2tre d&rsquo;une grosse journ\u00e9e de v\u00e9lo pour certains coureurs de l&rsquo;UC 31 : au programme, le championnat d&rsquo;Occitanie CLM par \u00e9quipes [&hellip;]<\/p>\n","protected":false},"author":1,"featured_media":2655,"comment_status":"open","ping_status":"open","sticky":false,"template":"","format":"standard","meta":{"footnotes":""},"categories":[3,50],"tags":[],"class_list":["post-2654","post","type-post","status-publish","format-standard","has-post-thumbnail","hentry","category-courses","category-courses-2019"],"_links":{"self":[{"href":"https:\/\/www.lunioncycliste31.fr\/index.php\/wp-json\/wp\/v2\/posts\/2654","targetHints":{"allow":["GET"]}}],"collection":[{"href":"https:\/\/www.lunioncycliste31.fr\/index.php\/wp-json\/wp\/v2\/posts"}],"about":[{"href":"https:\/\/www.lunioncycliste31.fr\/index.php\/wp-json\/wp\/v2\/types\/post"}],"author":[{"embeddable":true,"href":"https:\/\/www.lunioncycliste31.fr\/index.php\/wp-json\/wp\/v2\/users\/1"}],"replies":[{"embeddable":true,"href":"https:\/\/www.lunioncycliste31.fr\/index.php\/wp-json\/wp\/v2\/comments?post=2654"}],"version-history":[{"count":2,"href":"https:\/\/www.lunioncycliste31.fr\/index.php\/wp-json\/wp\/v2\/posts\/2654\/revisions"}],"predecessor-version":[{"id":2855,"href":"https:\/\/www.lunioncycliste31.fr\/index.php\/wp-json\/wp\/v2\/posts\/2654\/revisions\/2855"}],"wp:featuredmedia":[{"embeddable":true,"href":"https:\/\/www.lunioncycliste31.fr\/index.php\/wp-json\/wp\/v2\/media\/2655"}],"wp:attachment":[{"href":"https:\/\/www.lunioncycliste31.fr\/index.php\/wp-json\/wp\/v2\/media?parent=2654"}],"wp:term":[{"taxonomy":"category","embeddable":true,"href":"https:\/\/www.lunioncycliste31.fr\/index.php\/wp-json\/wp\/v2\/categories?post=2654"},{"taxonomy":"post_tag","embeddable":true,"href":"https:\/\/www.lunioncycliste31.fr\/index.php\/wp-json\/wp\/v2\/tags?post=2654"}],"curies":[{"name":"wp","href":"https:\/\/api.w.org\/{rel}","templated":true}]}}