{"id":2704,"date":"2019-06-13T19:00:54","date_gmt":"2019-06-13T17:00:54","guid":{"rendered":"https:\/\/www.lunioncycliste31.fr\/?p=2704"},"modified":"2019-07-07T19:18:52","modified_gmt":"2019-07-07T17:18:52","slug":"la-perigourdine-8-06-2019","status":"publish","type":"post","link":"https:\/\/www.lunioncycliste31.fr\/index.php\/2019\/06\/13\/la-perigourdine-8-06-2019\/","title":{"rendered":"La P\u00e9rigourdine 8\/06\/2019"},"content":{"rendered":"\n<p>En ce week-end de Pentec\u00f4te il n\u2019y a pas que la Ronde du Carla Bayle, il y a aussi la P\u00e9rigourdine. Et autant le soleil baigne l\u2019Ari\u00e8ge, autant les averses arrosent le P\u00e9rigord. Claude est align\u00e9 au d\u00e9part de cette cyclosportive de 129 kilom\u00e8tres et 2100 m\u00e8tres de d\u00e9nivel\u00e9. Le circuit, roulant et aux superbes paysages, est dessin\u00e9 sur des routes agr\u00e9ables. Claude \u00e0 jou\u00e9 la sagesse sur ce circuit en s\u2019arr\u00eatant faire le plein d\u2019eau, m\u00eame si la tentation de sauter le ravito \u00e9tait forte pour rester dans un groupe ou figure le vainqueur de sa cat\u00e9gorie.<\/p>\n<p>Claude finira les 35 derniers kilom\u00e8tres sous une pluie soutenue. Il termine deuxi\u00e8me de sa cat\u00e9gorie avec une belle performance \u00e0 la cl\u00e9. Claude est content de sa cyclo, ce qui est de bonne augure pour son objectif de la saison fin juin.<\/p>\n","protected":false},"excerpt":{"rendered":"<p>En ce week-end de Pentec\u00f4te il n\u2019y a pas que la Ronde du Carla Bayle, il y a aussi la P\u00e9rigourdine. Et autant le soleil baigne l\u2019Ari\u00e8ge, autant les averses [&hellip;]<\/p>\n","protected":false},"author":1,"featured_media":56,"comment_status":"open","ping_status":"open","sticky":false,"template":"","format":"standard","meta":{"footnotes":""},"categories":[12,51],"tags":[],"class_list":["post-2704","post","type-post","status-publish","format-standard","has-post-thumbnail","hentry","category-cyclosportive","category-cyclosportives-2019"],"_links":{"self":[{"href":"https:\/\/www.lunioncycliste31.fr\/index.php\/wp-json\/wp\/v2\/posts\/2704","targetHints":{"allow":["GET"]}}],"collection":[{"href":"https:\/\/www.lunioncycliste31.fr\/index.php\/wp-json\/wp\/v2\/posts"}],"about":[{"href":"https:\/\/www.lunioncycliste31.fr\/index.php\/wp-json\/wp\/v2\/types\/post"}],"author":[{"embeddable":true,"href":"https:\/\/www.lunioncycliste31.fr\/index.php\/wp-json\/wp\/v2\/users\/1"}],"replies":[{"embeddable":true,"href":"https:\/\/www.lunioncycliste31.fr\/index.php\/wp-json\/wp\/v2\/comments?post=2704"}],"version-history":[{"count":1,"href":"https:\/\/www.lunioncycliste31.fr\/index.php\/wp-json\/wp\/v2\/posts\/2704\/revisions"}],"predecessor-version":[{"id":2705,"href":"https:\/\/www.lunioncycliste31.fr\/index.php\/wp-json\/wp\/v2\/posts\/2704\/revisions\/2705"}],"wp:featuredmedia":[{"embeddable":true,"href":"https:\/\/www.lunioncycliste31.fr\/index.php\/wp-json\/wp\/v2\/media\/56"}],"wp:attachment":[{"href":"https:\/\/www.lunioncycliste31.fr\/index.php\/wp-json\/wp\/v2\/media?parent=2704"}],"wp:term":[{"taxonomy":"category","embeddable":true,"href":"https:\/\/www.lunioncycliste31.fr\/index.php\/wp-json\/wp\/v2\/categories?post=2704"},{"taxonomy":"post_tag","embeddable":true,"href":"https:\/\/www.lunioncycliste31.fr\/index.php\/wp-json\/wp\/v2\/tags?post=2704"}],"curies":[{"name":"wp","href":"https:\/\/api.w.org\/{rel}","templated":true}]}}