{"id":2777,"date":"2019-06-26T23:25:14","date_gmt":"2019-06-26T21:25:14","guid":{"rendered":"https:\/\/www.lunioncycliste31.fr\/?p=2777"},"modified":"2019-08-07T10:42:41","modified_gmt":"2019-08-07T08:42:41","slug":"candie-20-06-2019","status":"publish","type":"post","link":"https:\/\/www.lunioncycliste31.fr\/index.php\/2019\/06\/26\/candie-20-06-2019\/","title":{"rendered":"Candie &#8211; 20\/06\/2019"},"content":{"rendered":"\n<p>Les courses de Candie ont d\u00e9but\u00e9 la veille de l\u2019\u00e9t\u00e9. 5 coureurs de l&rsquo;UC31 \u00e9taient pr\u00e9sents sur le tourniquet situ\u00e9 au sud de Toulouse. Jean-Olivier et Fr\u00e9d\u00e9ric dans la course des 2 et 3, et Alain T, Christophe C et Guillaume dans la course des 4 et 5.<\/p>\n<p>Certains sont des habitu\u00e9s, pour d&rsquo;autre c&rsquo;est une premi\u00e8re sur ce circuit plus habitu\u00e9 aux engins p\u00e9taradant qu&rsquo;aux l\u00e9g\u00e8res bicyclettes. Le circuit vaguement triangulaire ne sollicite pas ou peu les freins, les virages \u00e9tant larges.<\/p>\n<p>Christophe d\u00e9couvre ce circuit, et se glisse dans une premi\u00e8re \u00e9chapp\u00e9e. Une fois partie l\u2019\u00e9chapp\u00e9e ne veut plus rouler, et se fait reprendre. Christophe essaiera plusieurs fois et a chaque fois le comportement de ses camarades d\u2019\u00e9chapp\u00e9e sera le m\u00eame, personne ne veut rouler c&rsquo;est incompr\u00e9hensible. Du coup Christophe se dit qu&rsquo;il vaut mieux rester au chaud dans le peloton. Mais c\u2019est une reprise pour lui, rester dans le peloton n\u00e9cessite beaucoup d\u2019\u00e9nergie. Pourtant il reste dans le peloton jusqu\u2019au dernier tour, il est m\u00eame en troisi\u00e8me position a la sortie du dernier virage. Mais au moment de lancer son sprint, les jambes ne r\u00e9pondent pas, plus de gaz. Le peloton passe avec des dossards que Christophe n&rsquo;aura jamais vu de la course. Alain T particip\u00e9 au sprint et fini cinqui\u00e8me des 5eme cat\u00e9gorie. Christophe est 10eme des 4 devant Guillaume un peu plus loin. Dans la course des 2&amp;3 Fr\u00e9d\u00e9ric fini dixi\u00e8me et Jean-Olivier 19eme.<\/p>\n<p>Une belle partie de manivelles encore lors de cette nocturne. Si nos coureurs ne sont pas sur la boite au moins ils ont fait du rythme.<\/p>\n","protected":false},"excerpt":{"rendered":"<p>Les courses de Candie ont d\u00e9but\u00e9 la veille de l\u2019\u00e9t\u00e9. 5 coureurs de l&rsquo;UC31 \u00e9taient pr\u00e9sents sur le tourniquet situ\u00e9 au sud de Toulouse. Jean-Olivier et Fr\u00e9d\u00e9ric dans la course [&hellip;]<\/p>\n","protected":false},"author":1,"featured_media":56,"comment_status":"open","ping_status":"open","sticky":false,"template":"","format":"standard","meta":{"footnotes":""},"categories":[3,50],"tags":[],"class_list":["post-2777","post","type-post","status-publish","format-standard","has-post-thumbnail","hentry","category-courses","category-courses-2019"],"_links":{"self":[{"href":"https:\/\/www.lunioncycliste31.fr\/index.php\/wp-json\/wp\/v2\/posts\/2777","targetHints":{"allow":["GET"]}}],"collection":[{"href":"https:\/\/www.lunioncycliste31.fr\/index.php\/wp-json\/wp\/v2\/posts"}],"about":[{"href":"https:\/\/www.lunioncycliste31.fr\/index.php\/wp-json\/wp\/v2\/types\/post"}],"author":[{"embeddable":true,"href":"https:\/\/www.lunioncycliste31.fr\/index.php\/wp-json\/wp\/v2\/users\/1"}],"replies":[{"embeddable":true,"href":"https:\/\/www.lunioncycliste31.fr\/index.php\/wp-json\/wp\/v2\/comments?post=2777"}],"version-history":[{"count":1,"href":"https:\/\/www.lunioncycliste31.fr\/index.php\/wp-json\/wp\/v2\/posts\/2777\/revisions"}],"predecessor-version":[{"id":2778,"href":"https:\/\/www.lunioncycliste31.fr\/index.php\/wp-json\/wp\/v2\/posts\/2777\/revisions\/2778"}],"wp:featuredmedia":[{"embeddable":true,"href":"https:\/\/www.lunioncycliste31.fr\/index.php\/wp-json\/wp\/v2\/media\/56"}],"wp:attachment":[{"href":"https:\/\/www.lunioncycliste31.fr\/index.php\/wp-json\/wp\/v2\/media?parent=2777"}],"wp:term":[{"taxonomy":"category","embeddable":true,"href":"https:\/\/www.lunioncycliste31.fr\/index.php\/wp-json\/wp\/v2\/categories?post=2777"},{"taxonomy":"post_tag","embeddable":true,"href":"https:\/\/www.lunioncycliste31.fr\/index.php\/wp-json\/wp\/v2\/tags?post=2777"}],"curies":[{"name":"wp","href":"https:\/\/api.w.org\/{rel}","templated":true}]}}