{"id":2779,"date":"2019-06-27T08:30:02","date_gmt":"2019-06-27T06:30:02","guid":{"rendered":"https:\/\/www.lunioncycliste31.fr\/?p=2779"},"modified":"2019-08-07T10:42:59","modified_gmt":"2019-08-07T08:42:59","slug":"reconnaissance-ariegeoise-22-06-2019","status":"publish","type":"post","link":"https:\/\/www.lunioncycliste31.fr\/index.php\/2019\/06\/27\/reconnaissance-ariegeoise-22-06-2019\/","title":{"rendered":"Reconnaissance Ari\u00e9geoise 22\/06\/2019"},"content":{"rendered":"\n<p>A une semaine de l\u2019Ariegeoise 10 de nos coureurs ont d\u00e9cid\u00e9 de reconna\u00eetre une partie du parcours de l\u2019Ariegeoise 2019. Et c&rsquo;est sur le parking de la gare que le rendez-vous est donn\u00e9. L&rsquo;arriv\u00e9e sur Tarascon sur Ari\u00e8ge est perturb\u00e9e par de nombreux manifestants. Il faut faire demi-tour pour ceux qui sont all\u00e9s jusqu&rsquo;au rond point. D&rsquo;autre plus pr\u00e9voyants ont suivi les instructions de leur smartphone pour \u00e9viter le gros des bouchons.<\/p>\n<p>Apr\u00e8s quelques minutes d&rsquo;attente les 10 sont au d\u00e9part. Ne manque que Robert qu&rsquo;une sciatique priv\u00e9 de petite reine, et Serge dont on est sans nouvelles malgr\u00e9 les appels. Le groupe des 10 est fin pr\u00eat, Claude, Lucie, Vincent, \u00c9ric &amp; \u00c9ric, pr\u00e9parent leur Ari\u00e9geoise ou Montagnole XXL. Dominique C, Jacques, Didier, Michel &amp; Michel sont venu profiter du soleil et de la temp\u00e9rature plus qu&rsquo;agr\u00e9able pour grimper quelques cols. Le parcours prend la direction de Foix par Amplaing. La bosse courte mais raide avant Amplaing en surprend quelques-uns. A retenir pour le 29 juin le peloton d\u00e9cha\u00een\u00e9 risque de butter sur cette bosse, il faudra \u00eatre vigilant.<\/p>\n<p>A la sortie de Foix les GPS h\u00e9sitent, mais \u00c9ric qui remplace Alain M sur l&rsquo;organisation guide la troupe sur la bonne route. Ralentissement dans le peloton, un coup de fil. C\u2019est Serge ! Juste pour dire qu&rsquo;il ne viendra pas. Le peloton se recompose et voil\u00e0 le pied du col des Marrous. Les premiers partent sur un Rythme \u00e9lev\u00e9. \u00c9ric LC fait le pied du col, mais rapidement c&rsquo;est Claude, Jacques et Vincent qui font le boulot. A l&rsquo;entr\u00e9e de Bourret, la pente s\u2019infl\u00e9chie Lucie saute, quelques m\u00e8tres plus tard c&rsquo;est Eric LC. Au col des Marrous les premiers s\u2019arr\u00eatent \u00e0 l&rsquo;ombre, certains irons chercher les derniers. Regroupement et c&rsquo;est parti en direction de Pegu\u00e8re, l\u00e0 Claude est en mode course et le peloton s\u2019\u00e9tire. Mais la pente n&rsquo;est pas suffisante pour tout faire exploser alors le groupe de devant arrive bien chaud mais group\u00e9 en haut du mur de Pegu\u00e8re. L\u00e0 ils y rencontrent quelques soci\u00e9taires du VCRO eux aussi en balade. Une fois tout le monde regroup\u00e9, ils se lancent dans cette descente \u00e9troite et raide, et le bitume irr\u00e9gulier n&rsquo;incite pas \u00e0 se l\u00e2cher. Et plus ils descendent plus ils sont press\u00e9s d&rsquo;arriver au col des Caougnous, terme de ce mur. Didier arrive un peu plus tard, une chute dans les jours pr\u00e9c\u00e9dant lui a provoqu\u00e9 un arrachement ligamentaire sur 2 doigts de la main droite. La main est douloureuse et il lui est impossible de freiner correctement. Les participants de l&rsquo;Ariegeoise samedi prochain devront \u00eatre prudent, la descente est particuli\u00e8rement dangereuse et la chauss\u00e9e \u00e9troite rend les d\u00e9passements p\u00e9rilleux.<\/p>\n<p>A Massat, nouvel arr\u00eat, pour regrouper les troupes et saluer le pr\u00e9sident du VCRO. On en profite \u00e9galement pour faire le plein d&rsquo;eau, et se ravitailler. L&rsquo;ascension du col de Sarraill\u00e9 est effectu\u00e9e group\u00e9e. Seul Vincent, qui a des fourmis dans les jambes est parti en reconnaissance. Nouvel arr\u00eat \u00e0 Aulus les Bains pour remplir les bidons. Didier dont la main le fait toujours souffrir commence \u00e0 ressentir les effets cumul\u00e9s de la chaleur et du d\u00e9nivel\u00e9, et part en \u00e9claireur. Nos coureurs abordent prudemment l&rsquo;ascension de ce col redout\u00e9 par de nombreux professionnels. Il fait seulement 10 kilom\u00e8tres, mais les 4 premiers, sans virages, sont terribles avec des pentes rarement sous les 10%. Vincent et Jacques prennent rapidement un peu de champ, suivi par \u00c9ric LC. Claude parti un peu apr\u00e8s les autres remonte rapidement le peloton qui n\u2019en est plus un mais une guirlande discontinue de maillots blancs, noirs et rouges. Apr\u00e8s avoir doubl\u00e9 \u00c9ric LC, qui au passage lui rappelle que le port du casque est obligatoire, Claude se pr\u00e9pare a rattraper les 2 grimpeurs. L\u2019\u00e9cart oscille, et juste avant la fin de la ligne droite c&rsquo;est Eric LC qui est plus pr\u00e8s de le rejoindre. Claude continue son effort et se rapproche, un peu. Mais la chaleur n&rsquo;est pas son alli\u00e9e, et avant le petit parking c&rsquo;est Eric LC qui revient et le d\u00e9pose. Claude est en souffrance, samedi prochain il faudra g\u00e9rer des temp\u00e9ratures d&rsquo;\u00e0 19 degr\u00e9s sup\u00e9rieures, attention \u00e0 la surchauffe. Derri\u00e8re, Lucie s&rsquo;accroche sur ce col difficile, elle effectue l&rsquo;ascension dans la roue de Michel Ve, un peu trop dans la roue d&rsquo;ailleurs. Elle la touche et tombe. Rien de grave heureusement, elle repart aussit\u00f4t, toujours dans la roue de Michel. L&rsquo;autre Michel avec sa hanche neuve, n&rsquo;est pas tr\u00e8s loin derri\u00e8re. En parlant de convalescent, Dominique lui va tr\u00e8s bien. Il est devant \u00c9ric B et le duo mixte et monte \u00e0 une belle allure. A peine plus de 3 minutes de sa meilleure ascension\u2026 Une vraie mobylette ! Jacques et Vincent attendrons au sommet leur petits camarades qui arrivent en ordre dispers\u00e9. Didier se fait attendre, Dominique a peur d\u2019attraper froid et s\u2019engage dans la descente avant tout le monde. Didier arrive enfin, une fringale\u2026 Il d\u00e9cide de faire une halte \u00e0 l\u2019\u00e9tang de Lers laissant ses petits camarades filer vers le dernier sommet de la journ\u00e9e. Nouveau regroupement des 9, en haut du Port de Lers, avant de s\u2019engager dans la descente parfois pi\u00e9geuse de ce dernier col. Certains mettent le coupe-vent, mais il fait chaud et c\u2019est \u00e0 peine n\u00e9cessaire. Lucie qui commence a ressentir le poids du d\u00e9nivel\u00e9 se dit que le long faux plat vers Tarascon va lui permettre de souffler et tourner les jambes pour commencer la r\u00e9cup\u00e9ration. C\u2019est sans compter sur Vincent, Eric LC, Dominique et Michel Vi qui se sont arr\u00eat\u00e9s pour permettre \u00e0 Vincent de faire le plein d\u2019eau. Ils m\u00e8neront une chasse d\u2019enfer pour revenir sur leurs camarades. En revenant sur Lucie, Michel Ve, Eric B et Jacques, nos 4 fous furieux vont les pr\u00e9venir \u00e0 force de cris de leur arriv\u00e9e. Mais ils ne l\u00e8vent pas le pied, Claude seul devant a entendu des cris et s\u2019appr\u00eate \u00e0 poser pied \u00e0 terre et il voit passer \u00e0 plus de 45km\/h ses 8 petits copains lanc\u00e9s dans une folle descente. Il ne reviendra jamais sur eux, se perdant m\u00eame dans Tarascon sur le chemin de la gare.<\/p>\n<p>Didier arrivera un peu plus tard ragaillardi par sa pause salvatrice.<\/p>\n<p>Une belle journ\u00e9e de v\u00e9lo, sous un beau ciel bleu et une temp\u00e9rature agr\u00e9able. Pour l\u2019Ari\u00e9geoise le ciel sera pur mais les temp\u00e9ratures nettement plus \u00e9lev\u00e9es. Il faudra boire et s\u2019\u00e9conomiser, la route est longue jusqu\u2019au Port de Lhers. L\u2019hydratation et l\u2019alimentation seront les \u00e9l\u00e9ments cl\u00e9s de la performance. La prudence sera aussi de mise dans le mur de P\u00e9gu\u00e8re.<\/p>\n\n\n\n<figure class=\"wp-block-image\"><img loading=\"lazy\" decoding=\"async\" width=\"1024\" height=\"768\" src=\"https:\/\/www.lunioncycliste31.fr\/wp-content\/uploads\/2019\/06\/MVIMG_20190622_084723-1024x768.jpg\" alt=\"\" class=\"wp-image-2782\" srcset=\"https:\/\/www.lunioncycliste31.fr\/wp-content\/uploads\/2019\/06\/MVIMG_20190622_084723-1024x768.jpg 1024w, https:\/\/www.lunioncycliste31.fr\/wp-content\/uploads\/2019\/06\/MVIMG_20190622_084723-300x225.jpg 300w, https:\/\/www.lunioncycliste31.fr\/wp-content\/uploads\/2019\/06\/MVIMG_20190622_084723-768x576.jpg 768w, https:\/\/www.lunioncycliste31.fr\/wp-content\/uploads\/2019\/06\/MVIMG_20190622_084723-520x390.jpg 520w, https:\/\/www.lunioncycliste31.fr\/wp-content\/uploads\/2019\/06\/MVIMG_20190622_084723-740x555.jpg 740w, https:\/\/www.lunioncycliste31.fr\/wp-content\/uploads\/2019\/06\/MVIMG_20190622_084723.jpg 2048w\" sizes=\"auto, (max-width: 1024px) 100vw, 1024px\" \/><\/figure>\n\n\n\n\n\n<figure class=\"wp-block-image\"><img loading=\"lazy\" decoding=\"async\" width=\"1024\" height=\"768\" src=\"https:\/\/www.lunioncycliste31.fr\/wp-content\/uploads\/2019\/06\/MVIMG_20190622_084710-1024x768.jpg\" alt=\"\" class=\"wp-image-2781\" srcset=\"https:\/\/www.lunioncycliste31.fr\/wp-content\/uploads\/2019\/06\/MVIMG_20190622_084710-1024x768.jpg 1024w, https:\/\/www.lunioncycliste31.fr\/wp-content\/uploads\/2019\/06\/MVIMG_20190622_084710-300x225.jpg 300w, https:\/\/www.lunioncycliste31.fr\/wp-content\/uploads\/2019\/06\/MVIMG_20190622_084710-768x576.jpg 768w, https:\/\/www.lunioncycliste31.fr\/wp-content\/uploads\/2019\/06\/MVIMG_20190622_084710-520x390.jpg 520w, https:\/\/www.lunioncycliste31.fr\/wp-content\/uploads\/2019\/06\/MVIMG_20190622_084710-740x555.jpg 740w, https:\/\/www.lunioncycliste31.fr\/wp-content\/uploads\/2019\/06\/MVIMG_20190622_084710.jpg 2048w\" sizes=\"auto, (max-width: 1024px) 100vw, 1024px\" \/><\/figure>\n\n\n\n<p><img loading=\"lazy\" decoding=\"async\" class=\"aligncenter size-large wp-image-2787\" src=\"https:\/\/www.lunioncycliste31.fr\/wp-content\/uploads\/2019\/06\/IMG_20190622_110749-1024x768.jpg\" alt=\"\" width=\"1024\" height=\"768\" srcset=\"https:\/\/www.lunioncycliste31.fr\/wp-content\/uploads\/2019\/06\/IMG_20190622_110749-1024x768.jpg 1024w, https:\/\/www.lunioncycliste31.fr\/wp-content\/uploads\/2019\/06\/IMG_20190622_110749-300x225.jpg 300w, https:\/\/www.lunioncycliste31.fr\/wp-content\/uploads\/2019\/06\/IMG_20190622_110749-768x576.jpg 768w, https:\/\/www.lunioncycliste31.fr\/wp-content\/uploads\/2019\/06\/IMG_20190622_110749-520x390.jpg 520w, https:\/\/www.lunioncycliste31.fr\/wp-content\/uploads\/2019\/06\/IMG_20190622_110749-740x555.jpg 740w, https:\/\/www.lunioncycliste31.fr\/wp-content\/uploads\/2019\/06\/IMG_20190622_110749.jpg 2048w\" sizes=\"auto, (max-width: 1024px) 100vw, 1024px\" \/><img loading=\"lazy\" decoding=\"async\" class=\"aligncenter size-large wp-image-2786\" src=\"https:\/\/www.lunioncycliste31.fr\/wp-content\/uploads\/2019\/06\/IMG_20190622_125009-1024x768.jpg\" alt=\"\" width=\"1024\" height=\"768\" srcset=\"https:\/\/www.lunioncycliste31.fr\/wp-content\/uploads\/2019\/06\/IMG_20190622_125009-1024x768.jpg 1024w, https:\/\/www.lunioncycliste31.fr\/wp-content\/uploads\/2019\/06\/IMG_20190622_125009-300x225.jpg 300w, https:\/\/www.lunioncycliste31.fr\/wp-content\/uploads\/2019\/06\/IMG_20190622_125009-768x576.jpg 768w, https:\/\/www.lunioncycliste31.fr\/wp-content\/uploads\/2019\/06\/IMG_20190622_125009-520x390.jpg 520w, https:\/\/www.lunioncycliste31.fr\/wp-content\/uploads\/2019\/06\/IMG_20190622_125009-740x555.jpg 740w, https:\/\/www.lunioncycliste31.fr\/wp-content\/uploads\/2019\/06\/IMG_20190622_125009.jpg 2048w\" sizes=\"auto, (max-width: 1024px) 100vw, 1024px\" \/><img loading=\"lazy\" decoding=\"async\" class=\"aligncenter size-large wp-image-2785\" src=\"https:\/\/www.lunioncycliste31.fr\/wp-content\/uploads\/2019\/06\/IMG_20190622_135349-e1561616736994-1024x768.jpg\" alt=\"\" width=\"1024\" height=\"768\" srcset=\"https:\/\/www.lunioncycliste31.fr\/wp-content\/uploads\/2019\/06\/IMG_20190622_135349-e1561616736994-1024x768.jpg 1024w, https:\/\/www.lunioncycliste31.fr\/wp-content\/uploads\/2019\/06\/IMG_20190622_135349-e1561616736994-300x225.jpg 300w, https:\/\/www.lunioncycliste31.fr\/wp-content\/uploads\/2019\/06\/IMG_20190622_135349-e1561616736994-768x576.jpg 768w, https:\/\/www.lunioncycliste31.fr\/wp-content\/uploads\/2019\/06\/IMG_20190622_135349-e1561616736994-520x390.jpg 520w, https:\/\/www.lunioncycliste31.fr\/wp-content\/uploads\/2019\/06\/IMG_20190622_135349-e1561616736994-740x555.jpg 740w, https:\/\/www.lunioncycliste31.fr\/wp-content\/uploads\/2019\/06\/IMG_20190622_135349-e1561616736994.jpg 2048w\" sizes=\"auto, (max-width: 1024px) 100vw, 1024px\" \/><img loading=\"lazy\" decoding=\"async\" class=\"aligncenter size-large wp-image-2784\" src=\"https:\/\/www.lunioncycliste31.fr\/wp-content\/uploads\/2019\/06\/IMG_20190622_140006-1024x768.jpg\" alt=\"\" width=\"1024\" height=\"768\" srcset=\"https:\/\/www.lunioncycliste31.fr\/wp-content\/uploads\/2019\/06\/IMG_20190622_140006-1024x768.jpg 1024w, https:\/\/www.lunioncycliste31.fr\/wp-content\/uploads\/2019\/06\/IMG_20190622_140006-300x225.jpg 300w, https:\/\/www.lunioncycliste31.fr\/wp-content\/uploads\/2019\/06\/IMG_20190622_140006-768x576.jpg 768w, https:\/\/www.lunioncycliste31.fr\/wp-content\/uploads\/2019\/06\/IMG_20190622_140006-520x390.jpg 520w, https:\/\/www.lunioncycliste31.fr\/wp-content\/uploads\/2019\/06\/IMG_20190622_140006-740x555.jpg 740w, https:\/\/www.lunioncycliste31.fr\/wp-content\/uploads\/2019\/06\/IMG_20190622_140006.jpg 2048w\" sizes=\"auto, (max-width: 1024px) 100vw, 1024px\" \/><img loading=\"lazy\" decoding=\"async\" class=\"aligncenter size-large wp-image-2783\" src=\"https:\/\/www.lunioncycliste31.fr\/wp-content\/uploads\/2019\/06\/MVIMG_20190622_144340-1024x768.jpg\" alt=\"\" width=\"1024\" height=\"768\" srcset=\"https:\/\/www.lunioncycliste31.fr\/wp-content\/uploads\/2019\/06\/MVIMG_20190622_144340-1024x768.jpg 1024w, https:\/\/www.lunioncycliste31.fr\/wp-content\/uploads\/2019\/06\/MVIMG_20190622_144340-300x225.jpg 300w, https:\/\/www.lunioncycliste31.fr\/wp-content\/uploads\/2019\/06\/MVIMG_20190622_144340-768x576.jpg 768w, https:\/\/www.lunioncycliste31.fr\/wp-content\/uploads\/2019\/06\/MVIMG_20190622_144340-520x390.jpg 520w, https:\/\/www.lunioncycliste31.fr\/wp-content\/uploads\/2019\/06\/MVIMG_20190622_144340-740x555.jpg 740w, https:\/\/www.lunioncycliste31.fr\/wp-content\/uploads\/2019\/06\/MVIMG_20190622_144340.jpg 2048w\" sizes=\"auto, (max-width: 1024px) 100vw, 1024px\" \/><\/p>\n","protected":false},"excerpt":{"rendered":"<p>A une semaine de l\u2019Ariegeoise 10 de nos coureurs ont d\u00e9cid\u00e9 de reconna\u00eetre une partie du parcours de l\u2019Ariegeoise 2019. Et c&rsquo;est sur le parking de la gare que le [&hellip;]<\/p>\n","protected":false},"author":1,"featured_media":2784,"comment_status":"open","ping_status":"open","sticky":false,"template":"","format":"standard","meta":{"footnotes":""},"categories":[20,46],"tags":[],"class_list":["post-2779","post","type-post","status-publish","format-standard","has-post-thumbnail","hentry","category-vie-du-club","category-vie-du-club-2019"],"_links":{"self":[{"href":"https:\/\/www.lunioncycliste31.fr\/index.php\/wp-json\/wp\/v2\/posts\/2779","targetHints":{"allow":["GET"]}}],"collection":[{"href":"https:\/\/www.lunioncycliste31.fr\/index.php\/wp-json\/wp\/v2\/posts"}],"about":[{"href":"https:\/\/www.lunioncycliste31.fr\/index.php\/wp-json\/wp\/v2\/types\/post"}],"author":[{"embeddable":true,"href":"https:\/\/www.lunioncycliste31.fr\/index.php\/wp-json\/wp\/v2\/users\/1"}],"replies":[{"embeddable":true,"href":"https:\/\/www.lunioncycliste31.fr\/index.php\/wp-json\/wp\/v2\/comments?post=2779"}],"version-history":[{"count":2,"href":"https:\/\/www.lunioncycliste31.fr\/index.php\/wp-json\/wp\/v2\/posts\/2779\/revisions"}],"predecessor-version":[{"id":2788,"href":"https:\/\/www.lunioncycliste31.fr\/index.php\/wp-json\/wp\/v2\/posts\/2779\/revisions\/2788"}],"wp:featuredmedia":[{"embeddable":true,"href":"https:\/\/www.lunioncycliste31.fr\/index.php\/wp-json\/wp\/v2\/media\/2784"}],"wp:attachment":[{"href":"https:\/\/www.lunioncycliste31.fr\/index.php\/wp-json\/wp\/v2\/media?parent=2779"}],"wp:term":[{"taxonomy":"category","embeddable":true,"href":"https:\/\/www.lunioncycliste31.fr\/index.php\/wp-json\/wp\/v2\/categories?post=2779"},{"taxonomy":"post_tag","embeddable":true,"href":"https:\/\/www.lunioncycliste31.fr\/index.php\/wp-json\/wp\/v2\/tags?post=2779"}],"curies":[{"name":"wp","href":"https:\/\/api.w.org\/{rel}","templated":true}]}}