{"id":2789,"date":"2019-06-27T23:08:39","date_gmt":"2019-06-27T21:08:39","guid":{"rendered":"https:\/\/www.lunioncycliste31.fr\/?p=2789"},"modified":"2019-08-07T10:43:05","modified_gmt":"2019-08-07T08:43:05","slug":"grand-prix-de-noueilles-23-06-2019","status":"publish","type":"post","link":"https:\/\/www.lunioncycliste31.fr\/index.php\/2019\/06\/27\/grand-prix-de-noueilles-23-06-2019\/","title":{"rendered":"Grand Prix de Noueilles &#8211; 23\/06\/2019"},"content":{"rendered":"\n<p>Le Grand Prix de Noueilles remplace la course de Castanet traditionnellement disput\u00e9 sur un tourniquet urbain. Aujourd\u2019hui cette course est d\u00e9localis\u00e9e \u00e0 Noueilles sur un trac\u00e9 s\u00e9lectif et vallonn\u00e9. Avec un faux plat montant en paliers de 4 kilom\u00e8tres avec un vent d\u2019autan contraire. Puis une ligne droite de 1,7 kilom\u00e8tres avec le vent toujours d\u00e9favorable, suivie d\u2019une l\u00e9g\u00e8re descente de 1,8 kilom\u00e8tres jusqu\u2019au village de L\u00e9on avec un vent l\u00e9g\u00e8rement favorable. Une descente droite de 1,2 kilom\u00e8tre vent de dos doit permettre d\u2019affoler les compteurs, avant un bout de plat de 2km toujours avec un vent favorable t la ligne d\u2019arriv\u00e9e se trouve dans une bosse de 300m.<\/p>\n<p>La course des seconde et troisi\u00e8me cat\u00e9gorie est s\u00e9par\u00e9e. Christian et David sont au d\u00e9part des 3 pour 7 tours de circuits (les commissaires ont enlev\u00e9 un tour \u00e0 cause de la chaleur). Le peloton de 23 unit\u00e9s s\u2019\u00e9lance et \u00e0 mi-tour 5 coureurs s\u2019\u00e9chappent et creusent leur avance. Au passage sur la ligne Christian sort, seul, et rentre sur le groupe de 6. Dans le peloton \u00e7a bouge mais David est vigilant et fait une belle course d\u2019\u00e9quipe en sautant sur toutes les \u00e9chapp\u00e9es qui tentent de prendre la fuite. Devant Christian g\u00e8re son effort au maximum. La chaleur n\u2019est pas son alli\u00e9e, et les sensations ne sont pas vraiment bonnes. Christian s\u2019accroche et ne prend pas beaucoup de relais. Le groupe perd des unit\u00e9s, ils ne sont plus que 4 et 2 semblent plus fort que les autres et prennent plus de relais (Pierre Mourlanette et un coureur de Balma), Le quatri\u00e8me coureur, de Carcassonne, est juste et saute les relais lui aussi. Pass\u00e9 la mi-course le peloton ou ce qu\u2019il en reste revient et on assiste \u00e0 un regroupement d\u2019une grosse dizaine de coureurs mais nos 2 coureurs sont l\u00e0. La chaleur est bien pr\u00e9sente, les organismes souffrent, mais l\u2019UC31 dispose d\u2019une arme redoutable. Une glaci\u00e8re bien garnie est pos\u00e9e le long de la route, Serge se mue en soigneur et r\u00e9approvisionne les coureurs en bidon frais r\u00e9guli\u00e8rement. L\u2019effet est positif Christian revit petit \u00e0 petit. Il reste un tour et demi et c\u2019est le moment que choisi Nardo du TOAC pour sortir, seul, en facteur et vent de face. Derri\u00e8re les grosses \u00e9quipes (Balma et Castanet avec 3 coureurs) ne roulent pas vraiment, la poursuite est confuse et d\u00e9sorganis\u00e9e. Dans le dernier tour Christian se glisse dans un groupe de 4. L\u00e0 non plus le rythme n\u2019est pas tr\u00e8s \u00e9lev\u00e9 et le coureur du TOAC est en point de mire. Christian d\u00e9cide de faire le dernier demi-tour seul face au vent. Il s\u2019\u00e9chappe facilement et revient sur le fuyard, malheureusement il est parti un peu tard et \u00e9choue \u00e0 quelques secondes du vainqueur du jour. Empochant au passage un beau podium. David a tenu bon, m\u00eame s\u2019il a souffert dans le dernier tour, et fini \u00e0 une onzi\u00e8me place, satisfait de sa course, au vue de sa condition physique.<\/p>\n<p>Dans la course des 2 ils sont 33 au d\u00e9part, parmi eux Jean-Olivier, Fr\u00e9d\u00e9ric et Aur\u00e9lien. La semaine derni\u00e8re Aur\u00e9lien \u00e9tait un peu malade, peut-\u00eatre une indigestion de fruits ramen\u00e9s du Carla Bayle ? Son p\u00e8re lui a conseill\u00e9 de courir malgr\u00e9 la m\u00e9forme. Mais ses jambes si l\u00e9g\u00e8res au Carla-Bayle ne sont pas l\u00e0. Il a du mal \u00e0 trouver le bon braquet. Fr\u00e9d\u00e9ric a toujours en t\u00eate sa future escapade nationale dans le Pas de Calais. Mais au bout de 5 kilom\u00e8tres il revient sur terre tr\u00e8s vite, son pneu arri\u00e8re est \u00e0 plat. La course s\u2019arr\u00eate l\u00e0 pour aujourd\u2019hui. Dommage lui qui comptait tester une derni\u00e8re fois sa condition physique avant le championnat national dimanche prochain. Mais devant 2 coureurs sont partis, ni Jean-Olivier ni Aur\u00e9lien n\u2019ont r\u00e9ussi \u00e0 prendre le bon coup. En effet, on ne les reverra plus. Au deuxi\u00e8me tour Aur\u00e9lien sort en contre avec un coureur de Tolosa, mais ils seront rapidement repris. Jean-Olivier essaie lui aussi de sortir plusieurs fois avec Bonnet et Fava, mais il sera syst\u00e9matiquement repris. Aur\u00e9lien lui est \u00e0 bloc et se contente de rester dans les roues. Le peloton perd beaucoup de monde, 13 abandons, Aur\u00e9lien et Jean Olivier se retrouvent dans un groupe de 9 coureurs derri\u00e8re les 2 \u00e9chapp\u00e9es du premier tour. A 2 tours de l\u2019arriv\u00e9e notre jeune champion de Haute-Garonne pense m\u00eame abandonner, mais il s\u2019accroche. A l\u2019arriv\u00e9e nos 2 coureurs participent au sprint pour la troisi\u00e8me place, Aur\u00e9lien fini 8<sup>\u00e8me<\/sup> au scratch et Jean-Olivier 10<sup>\u00e8me<\/sup>.<\/p>\n<p>Aur\u00e9lien aura renforc\u00e9 son mental, Fr\u00e9d\u00e9ric chang\u00e9 une chambre \u00e0 air, et Jean-Olivier se sera rassur\u00e9 en vue des Championnat de France Master qui auront lieu le 13 juillet \u00e0 L\u2019Esp\u00e9rou Mont Aigoual (30).<\/p>\n<p>Bravo \u00e0 tous pour cette course sous la chaleur \u00e9touffante de ce premier week-end de l\u2019\u00e9t\u00e9.<\/p>\n<p><img loading=\"lazy\" decoding=\"async\" class=\"aligncenter size-full wp-image-2790\" src=\"https:\/\/www.lunioncycliste31.fr\/wp-content\/uploads\/2019\/06\/65385842_451687548946017_2703058747437088768_n.jpg\" alt=\"\" width=\"720\" height=\"960\" srcset=\"https:\/\/www.lunioncycliste31.fr\/wp-content\/uploads\/2019\/06\/65385842_451687548946017_2703058747437088768_n.jpg 720w, https:\/\/www.lunioncycliste31.fr\/wp-content\/uploads\/2019\/06\/65385842_451687548946017_2703058747437088768_n-225x300.jpg 225w, https:\/\/www.lunioncycliste31.fr\/wp-content\/uploads\/2019\/06\/65385842_451687548946017_2703058747437088768_n-520x693.jpg 520w\" sizes=\"auto, (max-width: 720px) 100vw, 720px\" \/> <img loading=\"lazy\" decoding=\"async\" class=\"aligncenter size-large wp-image-2792\" src=\"https:\/\/www.lunioncycliste31.fr\/wp-content\/uploads\/2019\/06\/65584131_408680613071242_3619791560826159104_n-1024x768.jpg\" alt=\"\" width=\"1024\" height=\"768\" srcset=\"https:\/\/www.lunioncycliste31.fr\/wp-content\/uploads\/2019\/06\/65584131_408680613071242_3619791560826159104_n-1024x768.jpg 1024w, https:\/\/www.lunioncycliste31.fr\/wp-content\/uploads\/2019\/06\/65584131_408680613071242_3619791560826159104_n-300x225.jpg 300w, https:\/\/www.lunioncycliste31.fr\/wp-content\/uploads\/2019\/06\/65584131_408680613071242_3619791560826159104_n-768x576.jpg 768w, https:\/\/www.lunioncycliste31.fr\/wp-content\/uploads\/2019\/06\/65584131_408680613071242_3619791560826159104_n-520x390.jpg 520w, https:\/\/www.lunioncycliste31.fr\/wp-content\/uploads\/2019\/06\/65584131_408680613071242_3619791560826159104_n-740x555.jpg 740w, https:\/\/www.lunioncycliste31.fr\/wp-content\/uploads\/2019\/06\/65584131_408680613071242_3619791560826159104_n.jpg 2048w\" sizes=\"auto, (max-width: 1024px) 100vw, 1024px\" \/><img loading=\"lazy\" decoding=\"async\" class=\"aligncenter size-large wp-image-2791\" src=\"https:\/\/www.lunioncycliste31.fr\/wp-content\/uploads\/2019\/06\/65560154_711713909298542_9006632413547200512_n-1024x768.jpg\" alt=\"\" width=\"1024\" height=\"768\" srcset=\"https:\/\/www.lunioncycliste31.fr\/wp-content\/uploads\/2019\/06\/65560154_711713909298542_9006632413547200512_n-1024x768.jpg 1024w, https:\/\/www.lunioncycliste31.fr\/wp-content\/uploads\/2019\/06\/65560154_711713909298542_9006632413547200512_n-300x225.jpg 300w, https:\/\/www.lunioncycliste31.fr\/wp-content\/uploads\/2019\/06\/65560154_711713909298542_9006632413547200512_n-768x576.jpg 768w, https:\/\/www.lunioncycliste31.fr\/wp-content\/uploads\/2019\/06\/65560154_711713909298542_9006632413547200512_n-520x390.jpg 520w, https:\/\/www.lunioncycliste31.fr\/wp-content\/uploads\/2019\/06\/65560154_711713909298542_9006632413547200512_n-740x555.jpg 740w, https:\/\/www.lunioncycliste31.fr\/wp-content\/uploads\/2019\/06\/65560154_711713909298542_9006632413547200512_n.jpg 2048w\" sizes=\"auto, (max-width: 1024px) 100vw, 1024px\" \/><img loading=\"lazy\" decoding=\"async\" class=\"aligncenter size-full wp-image-2793\" src=\"https:\/\/www.lunioncycliste31.fr\/wp-content\/uploads\/2019\/06\/DSC_0915.jpg\" alt=\"\" width=\"912\" height=\"608\" srcset=\"https:\/\/www.lunioncycliste31.fr\/wp-content\/uploads\/2019\/06\/DSC_0915.jpg 912w, https:\/\/www.lunioncycliste31.fr\/wp-content\/uploads\/2019\/06\/DSC_0915-300x200.jpg 300w, https:\/\/www.lunioncycliste31.fr\/wp-content\/uploads\/2019\/06\/DSC_0915-768x512.jpg 768w, https:\/\/www.lunioncycliste31.fr\/wp-content\/uploads\/2019\/06\/DSC_0915-390x260.jpg 390w, https:\/\/www.lunioncycliste31.fr\/wp-content\/uploads\/2019\/06\/DSC_0915-520x347.jpg 520w, https:\/\/www.lunioncycliste31.fr\/wp-content\/uploads\/2019\/06\/DSC_0915-740x493.jpg 740w\" sizes=\"auto, (max-width: 912px) 100vw, 912px\" \/><\/p>\n","protected":false},"excerpt":{"rendered":"<p>Le Grand Prix de Noueilles remplace la course de Castanet traditionnellement disput\u00e9 sur un tourniquet urbain. Aujourd\u2019hui cette course est d\u00e9localis\u00e9e \u00e0 Noueilles sur un trac\u00e9 s\u00e9lectif et vallonn\u00e9. Avec [&hellip;]<\/p>\n","protected":false},"author":1,"featured_media":2790,"comment_status":"open","ping_status":"open","sticky":false,"template":"","format":"standard","meta":{"footnotes":""},"categories":[3,50],"tags":[],"class_list":["post-2789","post","type-post","status-publish","format-standard","has-post-thumbnail","hentry","category-courses","category-courses-2019"],"_links":{"self":[{"href":"https:\/\/www.lunioncycliste31.fr\/index.php\/wp-json\/wp\/v2\/posts\/2789","targetHints":{"allow":["GET"]}}],"collection":[{"href":"https:\/\/www.lunioncycliste31.fr\/index.php\/wp-json\/wp\/v2\/posts"}],"about":[{"href":"https:\/\/www.lunioncycliste31.fr\/index.php\/wp-json\/wp\/v2\/types\/post"}],"author":[{"embeddable":true,"href":"https:\/\/www.lunioncycliste31.fr\/index.php\/wp-json\/wp\/v2\/users\/1"}],"replies":[{"embeddable":true,"href":"https:\/\/www.lunioncycliste31.fr\/index.php\/wp-json\/wp\/v2\/comments?post=2789"}],"version-history":[{"count":1,"href":"https:\/\/www.lunioncycliste31.fr\/index.php\/wp-json\/wp\/v2\/posts\/2789\/revisions"}],"predecessor-version":[{"id":2794,"href":"https:\/\/www.lunioncycliste31.fr\/index.php\/wp-json\/wp\/v2\/posts\/2789\/revisions\/2794"}],"wp:featuredmedia":[{"embeddable":true,"href":"https:\/\/www.lunioncycliste31.fr\/index.php\/wp-json\/wp\/v2\/media\/2790"}],"wp:attachment":[{"href":"https:\/\/www.lunioncycliste31.fr\/index.php\/wp-json\/wp\/v2\/media?parent=2789"}],"wp:term":[{"taxonomy":"category","embeddable":true,"href":"https:\/\/www.lunioncycliste31.fr\/index.php\/wp-json\/wp\/v2\/categories?post=2789"},{"taxonomy":"post_tag","embeddable":true,"href":"https:\/\/www.lunioncycliste31.fr\/index.php\/wp-json\/wp\/v2\/tags?post=2789"}],"curies":[{"name":"wp","href":"https:\/\/api.w.org\/{rel}","templated":true}]}}