{"id":2858,"date":"2019-08-07T09:57:06","date_gmt":"2019-08-07T07:57:06","guid":{"rendered":"https:\/\/www.lunioncycliste31.fr\/?p=2858"},"modified":"2019-12-03T23:01:00","modified_gmt":"2019-12-03T22:01:00","slug":"le-tour-au-prat-dalbis-21-07-2019","status":"publish","type":"post","link":"https:\/\/www.lunioncycliste31.fr\/index.php\/2019\/08\/07\/le-tour-au-prat-dalbis-21-07-2019\/","title":{"rendered":"Le tour au Prat d&rsquo;Albis &#8211; 21\/07\/2019"},"content":{"rendered":"\n<p>Cette ann\u00e9e, le Tour est plein de suspense, l\u2019\u00e9tape de Pau et du Tourmalet ont mis en valeur les coureurs fran\u00e7ais. Aussi, les coureurs de l\u2019UC31 sont tout excit\u00e9s en ce dimanche matin pour les voir passer dans le Prat d\u2019Albis. Dominique C, l\u2019organisateur attitr\u00e9 de cette journ\u00e9e sur le parcours du Tour, a concoct\u00e9 un parcours qui malheureusement ne prendra pas toutes les routes du Tour, l\u2019\u00e9tape \u00e9tant difficile et le mur de P\u00e9gu\u00e8re totalement ferm\u00e9 \u00e0 la circulation. Les 4 participants Dominique donc, Francis, Thierry et Eric se retrouvent sur le parking du Leader Price de Foix. En fait, ils sont 5 : Th\u00e9o, le fils d\u2019Eric, les accompagne mais uniquement sur le Prat d\u2019Albis, pour prendre quelques photos.<\/p>\n<p>Le parcours trac\u00e9 passe au nord de Roquefixade en direction de Carla de Roquefort, Lieurac, Laroque d\u2019Olmes, Sainte Colombe sur l\u2019Hers, le col del Teil. L\u00e0, ils retrouveront le parcours du Tour qui passe par Belesta et Monts\u00e9gur, ensuite direction Roquefixade et Foix, pour le Prat d\u2019Albis.<\/p>\n<p>Nos coureurs se pr\u00e9parent sur le parking, Eric se pose la question de prendre les sandwichs et coupe-vent. Dominique lui indique que le parking n\u2019est qu\u2019\u00e0 2 kilom\u00e8tres du pied du dernier col. Ils y repasseront avant de d\u00e9marrer la derni\u00e8re ascension.<\/p>\n<p>Le ciel est gris mais cela ne d\u00e9courage pas nos 4 gaillards qui s\u2019\u00e9lancent sur une petite route de campagne. \u00c0 peine les derni\u00e8res maisons derri\u00e8re eux que le ciel d\u00e9livre sur eux de grosses gouttes pendant quelques minutes. Ils profitent de grands ch\u00eanes pour s\u2019abriter. Ils repartent ensuite sur une route \u00e0 peine humide. Eric propose de faire un l\u00e9ger d\u00e9tour pour grimper un col, le col de Py. Le col est vite aval\u00e9, moins de 200 m. Ensuite l\u2019\u00e9quipe profite de magnifiques routes avec tr\u00e8s peu de circulation, un vrai r\u00e9gal. Vient ensuite le col de Teil, Dominique et Eric se d\u00e9gourdissent les jambes, et n\u2019attendront pas longtemps que Francis et Thierry les rejoignent. L\u00e0, ils retrouvent le trac\u00e9 du Tour, les gendarmes sont install\u00e9s tout au long de la route. Les spectateurs se font plus nombreux apr\u00e8s B\u00e9lesta sur la route de Monts\u00e9gur. Les spectateurs sont silencieux, attendent la caravane puis les professionnels mais, en les motivant un peu, il est possible d\u2019obtenir des encouragements. Monts\u00e9gur est dans le brouillard, nos coureurs ne verront pas le ch\u00e2teau. L\u2019ascension de ce col est toujours aussi difficile, Dominique est dans une forme resplendissante, Eric a du mal \u00e0 suivre. Thierry souffre de sa jambe mais, toujours aussi courageux, il ne traine pas en route. Roquefixade vient ensuite, le plafond est bas, tr\u00e8s bas, tout juste au-dessus du ch\u00e2teau, mais la temp\u00e9rature reste cl\u00e9mente.<\/p>\n<p>Arriv\u00e9 \u00e0 l\u2019entr\u00e9e de Foix sur les coups de midi, Dominique d\u00e9cide de trouver quelqu\u2019un pour v\u00e9rifier l\u2019heure de fermeture de la route, pour savoir s\u2019ils ont le temps de d\u00e9guster leurs sandwichs avant d\u2019aborder ce dernier col. Ils trouvent 2 policiers municipaux sur le grand rond-point \u00e0 l\u2019entr\u00e9e de Foix. Ces derniers indiquent que le col ferme \u00e0 midi. A\u00efe, pas le temps de prendre les sandwiches\u2026 voire m\u00eame une impossibilit\u00e9 de monter ??!! Peine perdue, nos 4 gaillards se ruent sur le pied du col. La route, barri\u00e9r\u00e9e des deux c\u00f4t\u00e9s, passe juste devant le commissariat. Les policiers rassembl\u00e9s \u00e0 l\u2019entr\u00e9e ne l\u00e8vent pas les yeux sur nos coureurs. Les voil\u00e0 donc partis dans cette difficile ascension. En effet, sur les 16 kilom\u00e8tres d\u2019ascension, plusieurs passages \u00e0 plus de 10% rendent cette ascension difficile. La fin est plus r\u00e9guli\u00e8re et moins pentue. Eric, parti en \u00e9claireur, essaie d\u2019obtenir un peu de support des nombreux spectateurs install\u00e9s le long de la route. Plus on monte et plus les nuages sont proches. Eric retrouve son fils \u00e0 2 kilom\u00e8tres du sommet. Th\u00e9o, apr\u00e8s \u00eatre mont\u00e9 jusqu&rsquo;\u00e0 la ligne d&rsquo;arriv\u00e9, s\u2019est arr\u00eat\u00e9 \u00e0 la derni\u00e8re buvette avant la ligne d\u2019arriv\u00e9e. Apr\u00e8s quelques minutes d\u2019\u00e9changes il repart en direction de la ligne, toujours dans le brouillard. \u00c0 500 m\u00e8tres de l\u2019arriv\u00e9e, les gendarmes arr\u00eatent tout le monde. Dominique et Thierry suivent Eric de pr\u00e8s. Apr\u00e8s s\u2019\u00eatre regroup\u00e9s, ils redescendent, croisent Francis et se donnent rendez-vous \u00e0 la buvette. Malheureusement, la buvette ne prend que les esp\u00e8ces. Eric trouve dans ses papiers un billet qui leur permet de s\u2019approvisionner en eau et d\u2019acheter une baguette de pain. Les sandwichs rachitiques sont hors de prix. Le repas va \u00eatre frugal\u2026 Quand on sait qu\u2019il y a des sandwichs dans les voitures\u2026<\/p>\n<p>\u00c0 4 kilom\u00e8tres du sommet, ils trouvent un spot id\u00e9al. Ils sont sous les nuages et ont une vue plongeante sur Foix. Apr\u00e8s de longues minutes d\u2019observation, ils n\u2019ont que \u00e7a \u00e0 faire\u2026, ils ont not\u00e9 qu\u2019ils pourront voir les coureurs au moins 6 fois.<\/p>\n<p>L\u2019attente est longue, Thierry est le seul \u00e0 capter la 4G. Il peut ainsi suivre l\u2019avancement de la course et de la caravane. La caravane, pas tant pour les porte-cl\u00e9s que pour les voitures Vittel et Cochonou. La baguette est d\u00e9j\u00e0 finie. Les bidons sont vides ou presque. En plus, les corps refroidissent sur les pentes expos\u00e9es au vent ; heureusement, un camion \u00ab E. Leclerc \u00bb passe bien avant la caravane et distribue casquettes et tee-shirt \u00e0 pois. Ces tee-shirts sont les bienvenus et sont vite enfil\u00e9s, ils permettent de r\u00e9chauffer les corps fatigu\u00e9s et affam\u00e9s. Certains vont entamer une sieste en attendant cette caravane, en r\u00eavant aux petits saucissons\u2026<\/p>\n<p>La Caravane\u00a0! Elle arrive\u00a0! Enfin\u2026 au loin, puis plus pr\u00e8s, elle serpente le long de pentes du Prat d\u2019Albis. Finalement, elle passe, les v\u00e9hicules sont nombreux, nos coureurs s\u2019agitent pour r\u00e9cup\u00e9rer de la nourriture. Le butin s\u2019accumule, et rapidement ils r\u00e9cup\u00e8rent des biscuits, des bonbons, des petits saucissons\u00a0! Ils vont pouvoir se nourrir\u00a0! Un peu\u2026<\/p>\n<p>Thierry suit la course sur son portable, une \u00e9chapp\u00e9e se profile, les favoris sont group\u00e9s. Eric re\u00e7oit un SMS : il pleut des trombes d\u2019eau sur l\u2019arriv\u00e9e. Le message \u00e0 peine lu, les premi\u00e8res gouttes arrivent, puis les suivantes, nombreuses, tr\u00e8s nombreuses et grosses. Elle est froide et va durer une dizaine de minutes. Les beaux tee-shirts \u00e0 pois sont tremp\u00e9s, ils ne tiennent plus chaud.<\/p>\n<p>Apr\u00e8s de nombreuses minutes \u00e0 surveiller les routes en contre-bas, on voit apparaitre les pr\u00e9mices du peloton. Enfin ils arrivent, la voiture rouge en premier, suivie par Simon Yates, serein. Un peu plus loin, Thibault Pinot acc\u00e9l\u00e8re, l\u00e2che Egan Bernal juste sous les yeux de nos comp\u00e8res. Serait-ce le tournant de ce Tour ? L\u2019avenir nous le dira \u2026<\/p>\n<p>Les coureurs passent devant nous, fatigu\u00e9s, mouill\u00e9s ; heureusement, demain c\u2019est la journ\u00e9e de repos. Pour fermer la marche, le grupetto arrive dense mais d\u00e9j\u00e0 les premiers redescendent sifflet \u00e0 la bouche pour se frayer un chemin face aux derniers du coureurs et aux badauds sur le bord de la route.<\/p>\n<p>Une journ\u00e9e sur le Tour, riche en \u00e9motions, nos coureurs auront vu Thibault Pinot au meilleur de sa forme, le couteau entre les dents \u00e0 l\u2019assaut du classement g\u00e9n\u00e9ral.<\/p>\n<p><img loading=\"lazy\" decoding=\"async\" class=\"aligncenter size-large wp-image-2866\" src=\"https:\/\/www.lunioncycliste31.fr\/wp-content\/uploads\/2019\/08\/IMG_20190721_104746-1024x768.jpg\" alt=\"\" width=\"1024\" height=\"768\" srcset=\"https:\/\/www.lunioncycliste31.fr\/wp-content\/uploads\/2019\/08\/IMG_20190721_104746-1024x768.jpg 1024w, https:\/\/www.lunioncycliste31.fr\/wp-content\/uploads\/2019\/08\/IMG_20190721_104746-300x225.jpg 300w, https:\/\/www.lunioncycliste31.fr\/wp-content\/uploads\/2019\/08\/IMG_20190721_104746-768x576.jpg 768w, https:\/\/www.lunioncycliste31.fr\/wp-content\/uploads\/2019\/08\/IMG_20190721_104746-520x390.jpg 520w, https:\/\/www.lunioncycliste31.fr\/wp-content\/uploads\/2019\/08\/IMG_20190721_104746-740x555.jpg 740w, https:\/\/www.lunioncycliste31.fr\/wp-content\/uploads\/2019\/08\/IMG_20190721_104746.jpg 2048w\" sizes=\"auto, (max-width: 1024px) 100vw, 1024px\" \/><img loading=\"lazy\" decoding=\"async\" class=\"aligncenter size-large wp-image-2864\" src=\"https:\/\/www.lunioncycliste31.fr\/wp-content\/uploads\/2019\/08\/IMG_20190721_143507-1024x768.jpg\" alt=\"\" width=\"1024\" height=\"768\" srcset=\"https:\/\/www.lunioncycliste31.fr\/wp-content\/uploads\/2019\/08\/IMG_20190721_143507-1024x768.jpg 1024w, https:\/\/www.lunioncycliste31.fr\/wp-content\/uploads\/2019\/08\/IMG_20190721_143507-300x225.jpg 300w, https:\/\/www.lunioncycliste31.fr\/wp-content\/uploads\/2019\/08\/IMG_20190721_143507-768x576.jpg 768w, https:\/\/www.lunioncycliste31.fr\/wp-content\/uploads\/2019\/08\/IMG_20190721_143507-520x390.jpg 520w, https:\/\/www.lunioncycliste31.fr\/wp-content\/uploads\/2019\/08\/IMG_20190721_143507-740x555.jpg 740w, https:\/\/www.lunioncycliste31.fr\/wp-content\/uploads\/2019\/08\/IMG_20190721_143507.jpg 2048w\" sizes=\"auto, (max-width: 1024px) 100vw, 1024px\" \/> <img loading=\"lazy\" decoding=\"async\" class=\"aligncenter size-large wp-image-2865\" src=\"https:\/\/www.lunioncycliste31.fr\/wp-content\/uploads\/2019\/08\/IMG_20190721_134100-1024x768.jpg\" alt=\"\" width=\"1024\" height=\"768\" srcset=\"https:\/\/www.lunioncycliste31.fr\/wp-content\/uploads\/2019\/08\/IMG_20190721_134100-1024x768.jpg 1024w, https:\/\/www.lunioncycliste31.fr\/wp-content\/uploads\/2019\/08\/IMG_20190721_134100-300x225.jpg 300w, https:\/\/www.lunioncycliste31.fr\/wp-content\/uploads\/2019\/08\/IMG_20190721_134100-768x576.jpg 768w, https:\/\/www.lunioncycliste31.fr\/wp-content\/uploads\/2019\/08\/IMG_20190721_134100-520x390.jpg 520w, https:\/\/www.lunioncycliste31.fr\/wp-content\/uploads\/2019\/08\/IMG_20190721_134100-740x555.jpg 740w, https:\/\/www.lunioncycliste31.fr\/wp-content\/uploads\/2019\/08\/IMG_20190721_134100.jpg 2048w\" sizes=\"auto, (max-width: 1024px) 100vw, 1024px\" \/><img loading=\"lazy\" decoding=\"async\" class=\"aligncenter size-large wp-image-2863\" src=\"https:\/\/www.lunioncycliste31.fr\/wp-content\/uploads\/2019\/08\/IMG_20190721_155255_1-1024x768.jpg\" alt=\"\" width=\"1024\" height=\"768\" srcset=\"https:\/\/www.lunioncycliste31.fr\/wp-content\/uploads\/2019\/08\/IMG_20190721_155255_1-1024x768.jpg 1024w, https:\/\/www.lunioncycliste31.fr\/wp-content\/uploads\/2019\/08\/IMG_20190721_155255_1-300x225.jpg 300w, https:\/\/www.lunioncycliste31.fr\/wp-content\/uploads\/2019\/08\/IMG_20190721_155255_1-768x576.jpg 768w, https:\/\/www.lunioncycliste31.fr\/wp-content\/uploads\/2019\/08\/IMG_20190721_155255_1-520x390.jpg 520w, https:\/\/www.lunioncycliste31.fr\/wp-content\/uploads\/2019\/08\/IMG_20190721_155255_1-740x555.jpg 740w, https:\/\/www.lunioncycliste31.fr\/wp-content\/uploads\/2019\/08\/IMG_20190721_155255_1.jpg 2048w\" sizes=\"auto, (max-width: 1024px) 100vw, 1024px\" \/><img loading=\"lazy\" decoding=\"async\" class=\"aligncenter size-large wp-image-2860\" src=\"https:\/\/www.lunioncycliste31.fr\/wp-content\/uploads\/2019\/08\/DSC_4077-1024x652.jpg\" alt=\"\" width=\"1024\" height=\"652\" srcset=\"https:\/\/www.lunioncycliste31.fr\/wp-content\/uploads\/2019\/08\/DSC_4077-1024x652.jpg 1024w, https:\/\/www.lunioncycliste31.fr\/wp-content\/uploads\/2019\/08\/DSC_4077-300x191.jpg 300w, https:\/\/www.lunioncycliste31.fr\/wp-content\/uploads\/2019\/08\/DSC_4077-768x489.jpg 768w, https:\/\/www.lunioncycliste31.fr\/wp-content\/uploads\/2019\/08\/DSC_4077-520x331.jpg 520w, https:\/\/www.lunioncycliste31.fr\/wp-content\/uploads\/2019\/08\/DSC_4077-740x471.jpg 740w, https:\/\/www.lunioncycliste31.fr\/wp-content\/uploads\/2019\/08\/DSC_4077.jpg 2048w\" sizes=\"auto, (max-width: 1024px) 100vw, 1024px\" \/><img loading=\"lazy\" decoding=\"async\" class=\"aligncenter size-large wp-image-2861\" src=\"https:\/\/www.lunioncycliste31.fr\/wp-content\/uploads\/2019\/08\/DSC_4089-1024x693.jpg\" alt=\"\" width=\"1024\" height=\"693\" srcset=\"https:\/\/www.lunioncycliste31.fr\/wp-content\/uploads\/2019\/08\/DSC_4089-1024x693.jpg 1024w, https:\/\/www.lunioncycliste31.fr\/wp-content\/uploads\/2019\/08\/DSC_4089-300x203.jpg 300w, https:\/\/www.lunioncycliste31.fr\/wp-content\/uploads\/2019\/08\/DSC_4089-768x520.jpg 768w, https:\/\/www.lunioncycliste31.fr\/wp-content\/uploads\/2019\/08\/DSC_4089-520x352.jpg 520w, https:\/\/www.lunioncycliste31.fr\/wp-content\/uploads\/2019\/08\/DSC_4089-740x501.jpg 740w, https:\/\/www.lunioncycliste31.fr\/wp-content\/uploads\/2019\/08\/DSC_4089.jpg 2048w\" sizes=\"auto, (max-width: 1024px) 100vw, 1024px\" \/><img loading=\"lazy\" decoding=\"async\" class=\"aligncenter size-large wp-image-2862\" src=\"https:\/\/www.lunioncycliste31.fr\/wp-content\/uploads\/2019\/08\/DSC_4097-1024x683.jpg\" alt=\"\" width=\"1024\" height=\"683\" srcset=\"https:\/\/www.lunioncycliste31.fr\/wp-content\/uploads\/2019\/08\/DSC_4097-1024x683.jpg 1024w, https:\/\/www.lunioncycliste31.fr\/wp-content\/uploads\/2019\/08\/DSC_4097-300x200.jpg 300w, https:\/\/www.lunioncycliste31.fr\/wp-content\/uploads\/2019\/08\/DSC_4097-768x512.jpg 768w, https:\/\/www.lunioncycliste31.fr\/wp-content\/uploads\/2019\/08\/DSC_4097-390x260.jpg 390w, https:\/\/www.lunioncycliste31.fr\/wp-content\/uploads\/2019\/08\/DSC_4097-520x347.jpg 520w, https:\/\/www.lunioncycliste31.fr\/wp-content\/uploads\/2019\/08\/DSC_4097-740x493.jpg 740w, https:\/\/www.lunioncycliste31.fr\/wp-content\/uploads\/2019\/08\/DSC_4097.jpg 2048w\" sizes=\"auto, (max-width: 1024px) 100vw, 1024px\" \/><\/p>\n","protected":false},"excerpt":{"rendered":"<p>Cette ann\u00e9e, le Tour est plein de suspense, l\u2019\u00e9tape de Pau et du Tourmalet ont mis en valeur les coureurs fran\u00e7ais. Aussi, les coureurs de l\u2019UC31 sont tout excit\u00e9s en [&hellip;]<\/p>\n","protected":false},"author":1,"featured_media":2866,"comment_status":"open","ping_status":"open","sticky":false,"template":"","format":"standard","meta":{"footnotes":""},"categories":[20,46],"tags":[],"class_list":["post-2858","post","type-post","status-publish","format-standard","has-post-thumbnail","hentry","category-vie-du-club","category-vie-du-club-2019"],"_links":{"self":[{"href":"https:\/\/www.lunioncycliste31.fr\/index.php\/wp-json\/wp\/v2\/posts\/2858","targetHints":{"allow":["GET"]}}],"collection":[{"href":"https:\/\/www.lunioncycliste31.fr\/index.php\/wp-json\/wp\/v2\/posts"}],"about":[{"href":"https:\/\/www.lunioncycliste31.fr\/index.php\/wp-json\/wp\/v2\/types\/post"}],"author":[{"embeddable":true,"href":"https:\/\/www.lunioncycliste31.fr\/index.php\/wp-json\/wp\/v2\/users\/1"}],"replies":[{"embeddable":true,"href":"https:\/\/www.lunioncycliste31.fr\/index.php\/wp-json\/wp\/v2\/comments?post=2858"}],"version-history":[{"count":6,"href":"https:\/\/www.lunioncycliste31.fr\/index.php\/wp-json\/wp\/v2\/posts\/2858\/revisions"}],"predecessor-version":[{"id":2875,"href":"https:\/\/www.lunioncycliste31.fr\/index.php\/wp-json\/wp\/v2\/posts\/2858\/revisions\/2875"}],"wp:featuredmedia":[{"embeddable":true,"href":"https:\/\/www.lunioncycliste31.fr\/index.php\/wp-json\/wp\/v2\/media\/2866"}],"wp:attachment":[{"href":"https:\/\/www.lunioncycliste31.fr\/index.php\/wp-json\/wp\/v2\/media?parent=2858"}],"wp:term":[{"taxonomy":"category","embeddable":true,"href":"https:\/\/www.lunioncycliste31.fr\/index.php\/wp-json\/wp\/v2\/categories?post=2858"},{"taxonomy":"post_tag","embeddable":true,"href":"https:\/\/www.lunioncycliste31.fr\/index.php\/wp-json\/wp\/v2\/tags?post=2858"}],"curies":[{"name":"wp","href":"https:\/\/api.w.org\/{rel}","templated":true}]}}