{"id":2868,"date":"2019-08-07T10:41:18","date_gmt":"2019-08-07T08:41:18","guid":{"rendered":"https:\/\/www.lunioncycliste31.fr\/?p=2868"},"modified":"2019-12-03T23:00:18","modified_gmt":"2019-12-03T22:00:18","slug":"figeacoise-4-08-2019","status":"publish","type":"post","link":"https:\/\/www.lunioncycliste31.fr\/index.php\/2019\/08\/07\/figeacoise-4-08-2019\/","title":{"rendered":"Figeacoise 4\/08\/2019"},"content":{"rendered":"\n<p>La cyclosportive du 4 ao\u00fbt 2019, c\u2019est la Figeacoise. Notre f\u00e9minine repr\u00e9sente le club. Le parcours de 109 km est vallonn\u00e9, 1600m de D+, 2 c\u00f4tes au d\u00e9but du parcours, un col au soixanti\u00e8me kilom\u00e8tre, une c\u00f4te au soixante-dixi\u00e8me.<\/p>\n<p>Comme souvent dans ces \u00e9preuve, le peloton part vite, Lucie est vigilante et reste dans le peloton. La premi\u00e8re c\u00f4te d\u00e9cime la moiti\u00e9 du peloton. Dans la deuxi\u00e8me c\u00f4te, Lucie perd pied et se retrouve dans le second groupe. Le second groupe profite de la descente pour se remotiver et fond sur le premier. Lucie aper\u00e7oit dans le premier groupe des concurrentes pour le classement. Au pied du col, Lucie s\u2019arrache pour rattraper le groupe, elle double deux filles, continue son effort et rattrape un petit groupe de l\u00e2ch\u00e9s du groupe de t\u00eate. Elle finit la course dans ce petit groupe \u00e0 une belle troisi\u00e8me place dans sa cat\u00e9gorie et une sixi\u00e8me place au scratch.<\/p>\n<p>Bravo Lucie\u00a0!<\/p>\n","protected":false},"excerpt":{"rendered":"<p>La cyclosportive du 4 ao\u00fbt 2019, c\u2019est la Figeacoise. Notre f\u00e9minine repr\u00e9sente le club. Le parcours de 109 km est vallonn\u00e9, 1600m de D+, 2 c\u00f4tes au d\u00e9but du parcours, [&hellip;]<\/p>\n","protected":false},"author":1,"featured_media":56,"comment_status":"open","ping_status":"open","sticky":false,"template":"","format":"standard","meta":{"footnotes":""},"categories":[12,51],"tags":[],"class_list":["post-2868","post","type-post","status-publish","format-standard","has-post-thumbnail","hentry","category-cyclosportive","category-cyclosportives-2019"],"_links":{"self":[{"href":"https:\/\/www.lunioncycliste31.fr\/index.php\/wp-json\/wp\/v2\/posts\/2868","targetHints":{"allow":["GET"]}}],"collection":[{"href":"https:\/\/www.lunioncycliste31.fr\/index.php\/wp-json\/wp\/v2\/posts"}],"about":[{"href":"https:\/\/www.lunioncycliste31.fr\/index.php\/wp-json\/wp\/v2\/types\/post"}],"author":[{"embeddable":true,"href":"https:\/\/www.lunioncycliste31.fr\/index.php\/wp-json\/wp\/v2\/users\/1"}],"replies":[{"embeddable":true,"href":"https:\/\/www.lunioncycliste31.fr\/index.php\/wp-json\/wp\/v2\/comments?post=2868"}],"version-history":[{"count":2,"href":"https:\/\/www.lunioncycliste31.fr\/index.php\/wp-json\/wp\/v2\/posts\/2868\/revisions"}],"predecessor-version":[{"id":2872,"href":"https:\/\/www.lunioncycliste31.fr\/index.php\/wp-json\/wp\/v2\/posts\/2868\/revisions\/2872"}],"wp:featuredmedia":[{"embeddable":true,"href":"https:\/\/www.lunioncycliste31.fr\/index.php\/wp-json\/wp\/v2\/media\/56"}],"wp:attachment":[{"href":"https:\/\/www.lunioncycliste31.fr\/index.php\/wp-json\/wp\/v2\/media?parent=2868"}],"wp:term":[{"taxonomy":"category","embeddable":true,"href":"https:\/\/www.lunioncycliste31.fr\/index.php\/wp-json\/wp\/v2\/categories?post=2868"},{"taxonomy":"post_tag","embeddable":true,"href":"https:\/\/www.lunioncycliste31.fr\/index.php\/wp-json\/wp\/v2\/tags?post=2868"}],"curies":[{"name":"wp","href":"https:\/\/api.w.org\/{rel}","templated":true}]}}