{"id":3063,"date":"2019-11-21T20:40:05","date_gmt":"2019-11-21T19:40:05","guid":{"rendered":"https:\/\/www.lunioncycliste31.fr\/?p=3063"},"modified":"2023-03-15T22:13:15","modified_gmt":"2023-03-15T21:13:15","slug":"cyclo-cross-de-colomiers-17-11-2019","status":"publish","type":"post","link":"https:\/\/www.lunioncycliste31.fr\/index.php\/2019\/11\/21\/cyclo-cross-de-colomiers-17-11-2019\/","title":{"rendered":"Cyclo-cross de Colomiers 17\/11\/2019"},"content":{"rendered":"\n<p>Une cinquantaine de participants sont au d\u00e9part ce dimanche matin sur un circuit tr\u00e8s exigeant (boue, d\u00e9vers, mont\u00e9e raide, portage).<\/p>\n<p><img loading=\"lazy\" decoding=\"async\" class=\"aligncenter size-full wp-image-3069\" src=\"https:\/\/www.lunioncycliste31.fr\/wp-content\/uploads\/2019\/11\/49080891917_91c0da02e1_b.jpg\" alt=\"\" width=\"1024\" height=\"683\" srcset=\"https:\/\/www.lunioncycliste31.fr\/wp-content\/uploads\/2019\/11\/49080891917_91c0da02e1_b.jpg 1024w, https:\/\/www.lunioncycliste31.fr\/wp-content\/uploads\/2019\/11\/49080891917_91c0da02e1_b-300x200.jpg 300w, https:\/\/www.lunioncycliste31.fr\/wp-content\/uploads\/2019\/11\/49080891917_91c0da02e1_b-768x512.jpg 768w, https:\/\/www.lunioncycliste31.fr\/wp-content\/uploads\/2019\/11\/49080891917_91c0da02e1_b-390x260.jpg 390w, https:\/\/www.lunioncycliste31.fr\/wp-content\/uploads\/2019\/11\/49080891917_91c0da02e1_b-520x347.jpg 520w, https:\/\/www.lunioncycliste31.fr\/wp-content\/uploads\/2019\/11\/49080891917_91c0da02e1_b-740x494.jpg 740w\" sizes=\"auto, (max-width: 1024px) 100vw, 1024px\" \/><\/p>\n<p>Auteur d\u2019un mauvais d\u00e9part (d\u00e9chaussage), Jean-Olivier va remonter un par un les 10-12 coureurs devant lui mais \u00e0 la mi-course une rubalise s\u2019enroule dans le d\u00e9railleur et le contraint \u00e0 changer de v\u00e9lo.<\/p>\n<p><img loading=\"lazy\" decoding=\"async\" class=\"aligncenter size-full wp-image-3070\" src=\"https:\/\/www.lunioncycliste31.fr\/wp-content\/uploads\/2019\/11\/49080899697_91498f595c_b.jpg\" alt=\"\" width=\"1024\" height=\"683\" srcset=\"https:\/\/www.lunioncycliste31.fr\/wp-content\/uploads\/2019\/11\/49080899697_91498f595c_b.jpg 1024w, https:\/\/www.lunioncycliste31.fr\/wp-content\/uploads\/2019\/11\/49080899697_91498f595c_b-300x200.jpg 300w, https:\/\/www.lunioncycliste31.fr\/wp-content\/uploads\/2019\/11\/49080899697_91498f595c_b-768x512.jpg 768w, https:\/\/www.lunioncycliste31.fr\/wp-content\/uploads\/2019\/11\/49080899697_91498f595c_b-390x260.jpg 390w, https:\/\/www.lunioncycliste31.fr\/wp-content\/uploads\/2019\/11\/49080899697_91498f595c_b-520x347.jpg 520w, https:\/\/www.lunioncycliste31.fr\/wp-content\/uploads\/2019\/11\/49080899697_91498f595c_b-740x494.jpg 740w\" sizes=\"auto, (max-width: 1024px) 100vw, 1024px\" \/><\/p>\n<p>C\u2019est une nouvelle course poursuite qui s\u2019engage pour JO, mais deux coureurs ont pris le large\u00a0: Wilfried Voyeux (Tolosa) et Irwin Bellec (CPRS). Malgr\u00e9 une belle remont\u00e9e, JO doit se contenter d\u2019une 3<sup>\u00e8me<\/sup> place.<\/p>\n<p>Trop d\u2019erreurs ne lui ont pas facilit\u00e9 la t\u00e2che\u00a0:<img loading=\"lazy\" decoding=\"async\" class=\"aligncenter size-full wp-image-3068\" src=\"https:\/\/www.lunioncycliste31.fr\/wp-content\/uploads\/2019\/11\/49080409701_21fd79a818_b.jpg\" alt=\"\" width=\"1024\" height=\"683\" srcset=\"https:\/\/www.lunioncycliste31.fr\/wp-content\/uploads\/2019\/11\/49080409701_21fd79a818_b.jpg 1024w, https:\/\/www.lunioncycliste31.fr\/wp-content\/uploads\/2019\/11\/49080409701_21fd79a818_b-300x200.jpg 300w, https:\/\/www.lunioncycliste31.fr\/wp-content\/uploads\/2019\/11\/49080409701_21fd79a818_b-768x512.jpg 768w, https:\/\/www.lunioncycliste31.fr\/wp-content\/uploads\/2019\/11\/49080409701_21fd79a818_b-390x260.jpg 390w, https:\/\/www.lunioncycliste31.fr\/wp-content\/uploads\/2019\/11\/49080409701_21fd79a818_b-520x347.jpg 520w, https:\/\/www.lunioncycliste31.fr\/wp-content\/uploads\/2019\/11\/49080409701_21fd79a818_b-740x494.jpg 740w\" sizes=\"auto, (max-width: 1024px) 100vw, 1024px\" \/><\/p>\n<p><br \/><img loading=\"lazy\" decoding=\"async\" class=\"aligncenter size-large wp-image-3073\" src=\"https:\/\/www.lunioncycliste31.fr\/wp-content\/uploads\/2019\/11\/49079950973_a54be791dd_b.jpg\" alt=\"\" width=\"1024\" height=\"683\" srcset=\"https:\/\/www.lunioncycliste31.fr\/wp-content\/uploads\/2019\/11\/49079950973_a54be791dd_b.jpg 1024w, https:\/\/www.lunioncycliste31.fr\/wp-content\/uploads\/2019\/11\/49079950973_a54be791dd_b-300x200.jpg 300w, https:\/\/www.lunioncycliste31.fr\/wp-content\/uploads\/2019\/11\/49079950973_a54be791dd_b-768x512.jpg 768w, https:\/\/www.lunioncycliste31.fr\/wp-content\/uploads\/2019\/11\/49079950973_a54be791dd_b-390x260.jpg 390w, https:\/\/www.lunioncycliste31.fr\/wp-content\/uploads\/2019\/11\/49079950973_a54be791dd_b-520x347.jpg 520w, https:\/\/www.lunioncycliste31.fr\/wp-content\/uploads\/2019\/11\/49079950973_a54be791dd_b-740x494.jpg 740w\" sizes=\"auto, (max-width: 1024px) 100vw, 1024px\" \/><img loading=\"lazy\" decoding=\"async\" class=\"aligncenter size-full wp-image-3072\" src=\"https:\/\/www.lunioncycliste31.fr\/wp-content\/uploads\/2019\/11\/49079948543_f7eaca220e_b.jpg\" alt=\"\" width=\"1024\" height=\"683\" srcset=\"https:\/\/www.lunioncycliste31.fr\/wp-content\/uploads\/2019\/11\/49079948543_f7eaca220e_b.jpg 1024w, https:\/\/www.lunioncycliste31.fr\/wp-content\/uploads\/2019\/11\/49079948543_f7eaca220e_b-300x200.jpg 300w, https:\/\/www.lunioncycliste31.fr\/wp-content\/uploads\/2019\/11\/49079948543_f7eaca220e_b-768x512.jpg 768w, https:\/\/www.lunioncycliste31.fr\/wp-content\/uploads\/2019\/11\/49079948543_f7eaca220e_b-390x260.jpg 390w, https:\/\/www.lunioncycliste31.fr\/wp-content\/uploads\/2019\/11\/49079948543_f7eaca220e_b-520x347.jpg 520w, https:\/\/www.lunioncycliste31.fr\/wp-content\/uploads\/2019\/11\/49079948543_f7eaca220e_b-740x494.jpg 740w\" sizes=\"auto, (max-width: 1024px) 100vw, 1024px\" \/> <img loading=\"lazy\" decoding=\"async\" class=\"aligncenter size-full wp-image-3071\" src=\"https:\/\/www.lunioncycliste31.fr\/wp-content\/uploads\/2019\/11\/49079945893_3e9dd8cc8b_b.jpg\" alt=\"\" width=\"1024\" height=\"683\" srcset=\"https:\/\/www.lunioncycliste31.fr\/wp-content\/uploads\/2019\/11\/49079945893_3e9dd8cc8b_b.jpg 1024w, https:\/\/www.lunioncycliste31.fr\/wp-content\/uploads\/2019\/11\/49079945893_3e9dd8cc8b_b-300x200.jpg 300w, https:\/\/www.lunioncycliste31.fr\/wp-content\/uploads\/2019\/11\/49079945893_3e9dd8cc8b_b-768x512.jpg 768w, https:\/\/www.lunioncycliste31.fr\/wp-content\/uploads\/2019\/11\/49079945893_3e9dd8cc8b_b-390x260.jpg 390w, https:\/\/www.lunioncycliste31.fr\/wp-content\/uploads\/2019\/11\/49079945893_3e9dd8cc8b_b-520x347.jpg 520w, https:\/\/www.lunioncycliste31.fr\/wp-content\/uploads\/2019\/11\/49079945893_3e9dd8cc8b_b-740x494.jpg 740w\" sizes=\"auto, (max-width: 1024px) 100vw, 1024px\" \/> <img loading=\"lazy\" decoding=\"async\" class=\"aligncenter size-large wp-image-3074\" src=\"https:\/\/www.lunioncycliste31.fr\/wp-content\/uploads\/2019\/11\/49080683532_4387f4165d_b.jpg\" alt=\"\" width=\"1024\" height=\"683\" srcset=\"https:\/\/www.lunioncycliste31.fr\/wp-content\/uploads\/2019\/11\/49080683532_4387f4165d_b.jpg 1024w, https:\/\/www.lunioncycliste31.fr\/wp-content\/uploads\/2019\/11\/49080683532_4387f4165d_b-300x200.jpg 300w, https:\/\/www.lunioncycliste31.fr\/wp-content\/uploads\/2019\/11\/49080683532_4387f4165d_b-768x512.jpg 768w, https:\/\/www.lunioncycliste31.fr\/wp-content\/uploads\/2019\/11\/49080683532_4387f4165d_b-390x260.jpg 390w, https:\/\/www.lunioncycliste31.fr\/wp-content\/uploads\/2019\/11\/49080683532_4387f4165d_b-520x347.jpg 520w, https:\/\/www.lunioncycliste31.fr\/wp-content\/uploads\/2019\/11\/49080683532_4387f4165d_b-740x494.jpg 740w\" sizes=\"auto, (max-width: 1024px) 100vw, 1024px\" \/><\/p>\n<p>Merci \u00e0 Clarac Comminges Cyclisme pour les photos.<\/p>\n","protected":false},"excerpt":{"rendered":"<p>Une cinquantaine de participants sont au d\u00e9part ce dimanche matin sur un circuit tr\u00e8s exigeant (boue, d\u00e9vers, mont\u00e9e raide, portage). Auteur d\u2019un mauvais d\u00e9part (d\u00e9chaussage), Jean-Olivier va remonter un par [&hellip;]<\/p>\n","protected":false},"author":1,"featured_media":3070,"comment_status":"open","ping_status":"open","sticky":false,"template":"","format":"standard","meta":{"footnotes":""},"categories":[9,52],"tags":[],"class_list":["post-3063","post","type-post","status-publish","format-standard","has-post-thumbnail","hentry","category-cyclo-cross","category-cyclo-cross-2019"],"_links":{"self":[{"href":"https:\/\/www.lunioncycliste31.fr\/index.php\/wp-json\/wp\/v2\/posts\/3063","targetHints":{"allow":["GET"]}}],"collection":[{"href":"https:\/\/www.lunioncycliste31.fr\/index.php\/wp-json\/wp\/v2\/posts"}],"about":[{"href":"https:\/\/www.lunioncycliste31.fr\/index.php\/wp-json\/wp\/v2\/types\/post"}],"author":[{"embeddable":true,"href":"https:\/\/www.lunioncycliste31.fr\/index.php\/wp-json\/wp\/v2\/users\/1"}],"replies":[{"embeddable":true,"href":"https:\/\/www.lunioncycliste31.fr\/index.php\/wp-json\/wp\/v2\/comments?post=3063"}],"version-history":[{"count":3,"href":"https:\/\/www.lunioncycliste31.fr\/index.php\/wp-json\/wp\/v2\/posts\/3063\/revisions"}],"predecessor-version":[{"id":3088,"href":"https:\/\/www.lunioncycliste31.fr\/index.php\/wp-json\/wp\/v2\/posts\/3063\/revisions\/3088"}],"wp:featuredmedia":[{"embeddable":true,"href":"https:\/\/www.lunioncycliste31.fr\/index.php\/wp-json\/wp\/v2\/media\/3070"}],"wp:attachment":[{"href":"https:\/\/www.lunioncycliste31.fr\/index.php\/wp-json\/wp\/v2\/media?parent=3063"}],"wp:term":[{"taxonomy":"category","embeddable":true,"href":"https:\/\/www.lunioncycliste31.fr\/index.php\/wp-json\/wp\/v2\/categories?post=3063"},{"taxonomy":"post_tag","embeddable":true,"href":"https:\/\/www.lunioncycliste31.fr\/index.php\/wp-json\/wp\/v2\/tags?post=3063"}],"curies":[{"name":"wp","href":"https:\/\/api.w.org\/{rel}","templated":true}]}}