{"id":3097,"date":"2019-12-03T22:56:04","date_gmt":"2019-12-03T21:56:04","guid":{"rendered":"https:\/\/www.lunioncycliste31.fr\/?p=3097"},"modified":"2023-03-15T22:11:02","modified_gmt":"2023-03-15T21:11:02","slug":"cyclo-cross-de-montaudran-30-11-2019","status":"publish","type":"post","link":"https:\/\/www.lunioncycliste31.fr\/index.php\/2019\/12\/03\/cyclo-cross-de-montaudran-30-11-2019\/","title":{"rendered":"Cyclo-cross de Montaudran &#8211; 30\/11\/2019"},"content":{"rendered":"\n<p>Samedi 30 novembre, 30 coureurs prennent part au cyclo-cross de Montaudran au sein du magnifique parc de l\u2019Institut M\u00e9dico-\u00c9ducatif. Auteur d\u2019un bon d\u00e9part, Jean-Olivier finit le 1<sup>er<\/sup> tour en troisi\u00e8me position, \u00e0 quelques longueurs de Pierrick Fava et R\u00e9gis L\u00e9guevague. Ce dernier, victime d\u2019un saut de cha\u00eene, disparait de la t\u00eate de la course. Au fil des tours, Pierrick, plus agile et plus l\u00e9ger, passe les buttes tr\u00e8s souvent \u00e0 v\u00e9lo et accro\u00eet son avance sur Jean-Olivier. Derri\u00e8re, Thierry Barcelo et David Lenoir s\u2019accrochent \u00e0 50 m de Jean-Olivier sans pouvoir le rattraper.<\/p>\n<p>\u00c0 l\u2019arriv\u00e9e, Pierrick passe la ligne en premi\u00e8re position avec une confortable avance, Jean-Olivier doit se contenter de la seconde place mais en ayant creus\u00e9 l\u2019\u00e9cart avec le 3<sup>\u00e8me<\/sup>.<\/p>\n<p><img loading=\"lazy\" decoding=\"async\" class=\"aligncenter size-large wp-image-3099\" src=\"https:\/\/www.lunioncycliste31.fr\/wp-content\/uploads\/2019\/12\/Resized_20191130_145346-e1575409963352-824x1024.jpg\" alt=\"\" width=\"648\" height=\"805\" srcset=\"https:\/\/www.lunioncycliste31.fr\/wp-content\/uploads\/2019\/12\/Resized_20191130_145346-e1575409963352-824x1024.jpg 824w, https:\/\/www.lunioncycliste31.fr\/wp-content\/uploads\/2019\/12\/Resized_20191130_145346-e1575409963352-241x300.jpg 241w, https:\/\/www.lunioncycliste31.fr\/wp-content\/uploads\/2019\/12\/Resized_20191130_145346-e1575409963352-768x954.jpg 768w, https:\/\/www.lunioncycliste31.fr\/wp-content\/uploads\/2019\/12\/Resized_20191130_145346-e1575409963352.jpg 879w\" sizes=\"auto, (max-width: 648px) 100vw, 648px\" \/><img loading=\"lazy\" decoding=\"async\" class=\"aligncenter size-large wp-image-3100\" src=\"https:\/\/www.lunioncycliste31.fr\/wp-content\/uploads\/2019\/12\/Resized_20191130_152357-e1575410083362-689x1024.jpg\" alt=\"\" width=\"648\" height=\"963\" srcset=\"https:\/\/www.lunioncycliste31.fr\/wp-content\/uploads\/2019\/12\/Resized_20191130_152357-e1575410083362-689x1024.jpg 689w, https:\/\/www.lunioncycliste31.fr\/wp-content\/uploads\/2019\/12\/Resized_20191130_152357-e1575410083362-202x300.jpg 202w, https:\/\/www.lunioncycliste31.fr\/wp-content\/uploads\/2019\/12\/Resized_20191130_152357-e1575410083362-768x1141.jpg 768w, https:\/\/www.lunioncycliste31.fr\/wp-content\/uploads\/2019\/12\/Resized_20191130_152357-e1575410083362.jpg 879w\" sizes=\"auto, (max-width: 648px) 100vw, 648px\" \/><\/p>\n<p>\u00a0<\/p>\n","protected":false},"excerpt":{"rendered":"<p>Samedi 30 novembre, 30 coureurs prennent part au cyclo-cross de Montaudran au sein du magnifique parc de l\u2019Institut M\u00e9dico-\u00c9ducatif. Auteur d\u2019un bon d\u00e9part, Jean-Olivier finit le 1er tour en troisi\u00e8me [&hellip;]<\/p>\n","protected":false},"author":1,"featured_media":3103,"comment_status":"open","ping_status":"open","sticky":false,"template":"","format":"standard","meta":{"footnotes":""},"categories":[9,52],"tags":[],"class_list":["post-3097","post","type-post","status-publish","format-standard","has-post-thumbnail","hentry","category-cyclo-cross","category-cyclo-cross-2019"],"_links":{"self":[{"href":"https:\/\/www.lunioncycliste31.fr\/index.php\/wp-json\/wp\/v2\/posts\/3097","targetHints":{"allow":["GET"]}}],"collection":[{"href":"https:\/\/www.lunioncycliste31.fr\/index.php\/wp-json\/wp\/v2\/posts"}],"about":[{"href":"https:\/\/www.lunioncycliste31.fr\/index.php\/wp-json\/wp\/v2\/types\/post"}],"author":[{"embeddable":true,"href":"https:\/\/www.lunioncycliste31.fr\/index.php\/wp-json\/wp\/v2\/users\/1"}],"replies":[{"embeddable":true,"href":"https:\/\/www.lunioncycliste31.fr\/index.php\/wp-json\/wp\/v2\/comments?post=3097"}],"version-history":[{"count":5,"href":"https:\/\/www.lunioncycliste31.fr\/index.php\/wp-json\/wp\/v2\/posts\/3097\/revisions"}],"predecessor-version":[{"id":3117,"href":"https:\/\/www.lunioncycliste31.fr\/index.php\/wp-json\/wp\/v2\/posts\/3097\/revisions\/3117"}],"wp:featuredmedia":[{"embeddable":true,"href":"https:\/\/www.lunioncycliste31.fr\/index.php\/wp-json\/wp\/v2\/media\/3103"}],"wp:attachment":[{"href":"https:\/\/www.lunioncycliste31.fr\/index.php\/wp-json\/wp\/v2\/media?parent=3097"}],"wp:term":[{"taxonomy":"category","embeddable":true,"href":"https:\/\/www.lunioncycliste31.fr\/index.php\/wp-json\/wp\/v2\/categories?post=3097"},{"taxonomy":"post_tag","embeddable":true,"href":"https:\/\/www.lunioncycliste31.fr\/index.php\/wp-json\/wp\/v2\/tags?post=3097"}],"curies":[{"name":"wp","href":"https:\/\/api.w.org\/{rel}","templated":true}]}}