{"id":3205,"date":"2020-01-04T19:23:00","date_gmt":"2020-01-04T18:23:00","guid":{"rendered":"https:\/\/www.lunioncycliste31.fr\/?p=3205"},"modified":"2023-03-15T22:10:30","modified_gmt":"2023-03-15T21:10:30","slug":"cyclo-cross-pech-david-4-1-2020","status":"publish","type":"post","link":"https:\/\/www.lunioncycliste31.fr\/index.php\/2020\/01\/04\/cyclo-cross-pech-david-4-1-2020\/","title":{"rendered":"Cyclo-Cross Pech David &#8211; 4\/1\/2020"},"content":{"rendered":"\n<p>Sur un circuit diff\u00e9rent et sec, nous retrouvons les m\u00eames concurrents qu\u2019au cyclo-cross de l\u2019Union. Beaucoup de coureurs se sont d\u00e9plac\u00e9s en vue de pr\u00e9parer les championnats de France (FFC le 12\/1).<\/p>\n<p>Jean-Olivier prend un bon d\u00e9part m\u00eame s\u2019il est une nouvelle fois g\u00ean\u00e9 par Alexandre T qui s\u2019est accroch\u00e9 avec un concurrent.<\/p>\n<p>Sans commettre de fautes, Jean-Olivier reviendra jusqu\u2019\u00e0 la 10<sup>\u00e8me<\/sup> place avant d\u2019\u00eatre doubl\u00e9 par un coureur de Mazamet (FFC) dans le dernier tour.<\/p>\n<p>Mais c\u2019est un bon r\u00e9sultat apr\u00e8s la difficile nuit (gastro) qu\u2019a pass\u00e9e Jean-Olivier vendredi.<\/p>\n<p><img loading=\"lazy\" decoding=\"async\" class=\"aligncenter size-large wp-image-3206\" src=\"https:\/\/www.lunioncycliste31.fr\/wp-content\/uploads\/2020\/01\/PechDavid20200104_1-1024x683.jpg\" alt=\"\" width=\"1024\" height=\"683\" srcset=\"https:\/\/www.lunioncycliste31.fr\/wp-content\/uploads\/2020\/01\/PechDavid20200104_1-1024x683.jpg 1024w, https:\/\/www.lunioncycliste31.fr\/wp-content\/uploads\/2020\/01\/PechDavid20200104_1-300x200.jpg 300w, https:\/\/www.lunioncycliste31.fr\/wp-content\/uploads\/2020\/01\/PechDavid20200104_1-768x512.jpg 768w, https:\/\/www.lunioncycliste31.fr\/wp-content\/uploads\/2020\/01\/PechDavid20200104_1-750x500.jpg 750w, https:\/\/www.lunioncycliste31.fr\/wp-content\/uploads\/2020\/01\/PechDavid20200104_1-400x267.jpg 400w, https:\/\/www.lunioncycliste31.fr\/wp-content\/uploads\/2020\/01\/PechDavid20200104_1-430x287.jpg 430w, https:\/\/www.lunioncycliste31.fr\/wp-content\/uploads\/2020\/01\/PechDavid20200104_1-150x100.jpg 150w, https:\/\/www.lunioncycliste31.fr\/wp-content\/uploads\/2020\/01\/PechDavid20200104_1-100x67.jpg 100w, https:\/\/www.lunioncycliste31.fr\/wp-content\/uploads\/2020\/01\/PechDavid20200104_1.jpg 1075w\" sizes=\"auto, (max-width: 1024px) 100vw, 1024px\" \/><\/p>\n","protected":false},"excerpt":{"rendered":"<p>Sur un circuit diff\u00e9rent et sec, nous retrouvons les m\u00eames concurrents qu\u2019au cyclo-cross de l\u2019Union. Beaucoup de coureurs se sont d\u00e9plac\u00e9s en vue de pr\u00e9parer les championnats de France (FFC [&hellip;]<\/p>\n","protected":false},"author":1,"featured_media":3207,"comment_status":"open","ping_status":"open","sticky":false,"template":"","format":"standard","meta":{"footnotes":""},"categories":[9,53],"tags":[],"class_list":["post-3205","post","type-post","status-publish","format-standard","has-post-thumbnail","hentry","category-cyclo-cross","category-cyclo-cross-2020"],"_links":{"self":[{"href":"https:\/\/www.lunioncycliste31.fr\/index.php\/wp-json\/wp\/v2\/posts\/3205","targetHints":{"allow":["GET"]}}],"collection":[{"href":"https:\/\/www.lunioncycliste31.fr\/index.php\/wp-json\/wp\/v2\/posts"}],"about":[{"href":"https:\/\/www.lunioncycliste31.fr\/index.php\/wp-json\/wp\/v2\/types\/post"}],"author":[{"embeddable":true,"href":"https:\/\/www.lunioncycliste31.fr\/index.php\/wp-json\/wp\/v2\/users\/1"}],"replies":[{"embeddable":true,"href":"https:\/\/www.lunioncycliste31.fr\/index.php\/wp-json\/wp\/v2\/comments?post=3205"}],"version-history":[{"count":1,"href":"https:\/\/www.lunioncycliste31.fr\/index.php\/wp-json\/wp\/v2\/posts\/3205\/revisions"}],"predecessor-version":[{"id":3208,"href":"https:\/\/www.lunioncycliste31.fr\/index.php\/wp-json\/wp\/v2\/posts\/3205\/revisions\/3208"}],"wp:featuredmedia":[{"embeddable":true,"href":"https:\/\/www.lunioncycliste31.fr\/index.php\/wp-json\/wp\/v2\/media\/3207"}],"wp:attachment":[{"href":"https:\/\/www.lunioncycliste31.fr\/index.php\/wp-json\/wp\/v2\/media?parent=3205"}],"wp:term":[{"taxonomy":"category","embeddable":true,"href":"https:\/\/www.lunioncycliste31.fr\/index.php\/wp-json\/wp\/v2\/categories?post=3205"},{"taxonomy":"post_tag","embeddable":true,"href":"https:\/\/www.lunioncycliste31.fr\/index.php\/wp-json\/wp\/v2\/tags?post=3205"}],"curies":[{"name":"wp","href":"https:\/\/api.w.org\/{rel}","templated":true}]}}