{"id":378,"date":"2016-06-11T20:13:37","date_gmt":"2016-06-11T18:13:37","guid":{"rendered":"http:\/\/lunioncycliste31.fr\/?p=378"},"modified":"2017-10-05T20:17:48","modified_gmt":"2017-10-05T18:17:48","slug":"tour-du-portugal-2016-jour-2","status":"publish","type":"post","link":"https:\/\/www.lunioncycliste31.fr\/index.php\/2016\/06\/11\/tour-du-portugal-2016-jour-2\/","title":{"rendered":"Tour du Portugal Nord 2016 &#8211; Jour 2"},"content":{"rendered":"<h1><strong>JOUR 2<\/strong><\/h1>\n<p><strong>Samedi 11 juin 2016\u00a0: \u00e9tape Viseu-Covilha 96 km et D+ 2500 m &#8211; r\u00e9gion de la Beira Alta<\/strong><\/p>\n<p>Une deuxi\u00e8me journ\u00e9e bossel\u00e9e vers le sommet du Portugal la \u00ab\u00a0Serra Da Estrela\u00a0\u00bb.<\/p>\n<p>Au d\u00e9part de Viseu, les cyclistes ont emprunt\u00e9 les rues pav\u00e9es du centre ville et ont pris la pose devant l&rsquo;\u00c9glise du Tiers-Ordre de S\u00e3o Francisco. Apr\u00e8s une mise en jambes avec quelques % histoire de se mettre dans le rythme, un arr\u00eat a \u00e9t\u00e9 initi\u00e9 avant l&rsquo;ascension du jour. Direction : la Serra Da Estrela pour 30 km de mont\u00e9e et 1500 m de D+ pour cette seule \u00ab\u00a0mont\u00e9e\u00a0\u00bb !!!!<br \/>\nLa Serra Da Estrela, d&rsquo;une altitude 1993 m, est surmont\u00e9e d&rsquo;une tour de 7 m pour atteindre la hauteur symbolique de 2000 m. \u00c9videmment, les portugais toulousains ont immortalis\u00e9 l&rsquo;instant ! Quel point de vue&#8230; La sueur vers\u00e9e en valait la peine.<br \/>\nLa pause casse-croute a \u00e9t\u00e9 plus que symbolique : nous \u00e9tions au barrage DA SILVA !! Il sont partout !<br \/>\nApr\u00e8s une mont\u00e9e&#8230; forc\u00e9ment une descente et m\u00eame l\u00e0, un stop photo a \u00e9t\u00e9 improvis\u00e9 devant une belle retenue d&rsquo;eau parfum\u00e9e aux gen\u00eats. Du gen\u00eat il y a en avait partout, agr\u00e9able de rouler avec de pareilles senteurs.<br \/>\nLa suite de la descente a \u00e9t\u00e9 rapide pour atteindre Covilha, notre ville \u00e9tape. De forts % en descente, nos mollets ont appr\u00e9ci\u00e9&#8230; mais ils souffriront demain car nous emprunterons cet itin\u00e9raire d\u00e8s le d\u00e9part de la journ\u00e9e.<br \/>\nRepos de circonstance ce soir. Mais vivement demain !<\/p>\n<p style=\"text-align: center;\"><img loading=\"lazy\" decoding=\"async\" class=\"alignnone size-full wp-image-321\" src=\"http:\/\/lunioncycliste31.fr\/wp-content\/uploads\/2017\/10\/portugal_2_1.jpg\" alt=\"\" width=\"600\" height=\"450\" srcset=\"https:\/\/www.lunioncycliste31.fr\/wp-content\/uploads\/2017\/10\/portugal_2_1.jpg 600w, https:\/\/www.lunioncycliste31.fr\/wp-content\/uploads\/2017\/10\/portugal_2_1-300x225.jpg 300w\" sizes=\"auto, (max-width: 600px) 100vw, 600px\" \/> <img loading=\"lazy\" decoding=\"async\" class=\"alignnone size-full wp-image-320\" src=\"http:\/\/lunioncycliste31.fr\/wp-content\/uploads\/2017\/10\/portugal_1_7.jpg\" alt=\"\" width=\"600\" height=\"450\" srcset=\"https:\/\/www.lunioncycliste31.fr\/wp-content\/uploads\/2017\/10\/portugal_1_7.jpg 600w, https:\/\/www.lunioncycliste31.fr\/wp-content\/uploads\/2017\/10\/portugal_1_7-300x225.jpg 300w\" sizes=\"auto, (max-width: 600px) 100vw, 600px\" \/> <img loading=\"lazy\" decoding=\"async\" class=\"alignnone size-full wp-image-319\" src=\"http:\/\/lunioncycliste31.fr\/wp-content\/uploads\/2017\/10\/portugal_1_6.jpg\" alt=\"\" width=\"600\" height=\"450\" srcset=\"https:\/\/www.lunioncycliste31.fr\/wp-content\/uploads\/2017\/10\/portugal_1_6.jpg 600w, https:\/\/www.lunioncycliste31.fr\/wp-content\/uploads\/2017\/10\/portugal_1_6-300x225.jpg 300w\" sizes=\"auto, (max-width: 600px) 100vw, 600px\" \/> <img loading=\"lazy\" decoding=\"async\" class=\"alignnone size-full wp-image-323\" src=\"http:\/\/lunioncycliste31.fr\/wp-content\/uploads\/2017\/10\/portugal_2_3.jpg\" alt=\"\" width=\"600\" height=\"450\" srcset=\"https:\/\/www.lunioncycliste31.fr\/wp-content\/uploads\/2017\/10\/portugal_2_3.jpg 600w, https:\/\/www.lunioncycliste31.fr\/wp-content\/uploads\/2017\/10\/portugal_2_3-300x225.jpg 300w\" sizes=\"auto, (max-width: 600px) 100vw, 600px\" \/> <img loading=\"lazy\" decoding=\"async\" class=\"alignnone size-full wp-image-322\" src=\"http:\/\/lunioncycliste31.fr\/wp-content\/uploads\/2017\/10\/portugal_2_2.jpg\" alt=\"\" width=\"600\" height=\"450\" srcset=\"https:\/\/www.lunioncycliste31.fr\/wp-content\/uploads\/2017\/10\/portugal_2_2.jpg 600w, https:\/\/www.lunioncycliste31.fr\/wp-content\/uploads\/2017\/10\/portugal_2_2-300x225.jpg 300w\" sizes=\"auto, (max-width: 600px) 100vw, 600px\" \/> <img loading=\"lazy\" decoding=\"async\" class=\"alignnone size-full wp-image-325\" src=\"http:\/\/lunioncycliste31.fr\/wp-content\/uploads\/2017\/10\/portugal_2_5.jpg\" alt=\"\" width=\"600\" height=\"450\" srcset=\"https:\/\/www.lunioncycliste31.fr\/wp-content\/uploads\/2017\/10\/portugal_2_5.jpg 600w, https:\/\/www.lunioncycliste31.fr\/wp-content\/uploads\/2017\/10\/portugal_2_5-300x225.jpg 300w\" sizes=\"auto, (max-width: 600px) 100vw, 600px\" \/> <img loading=\"lazy\" decoding=\"async\" class=\"alignnone size-full wp-image-324\" src=\"http:\/\/lunioncycliste31.fr\/wp-content\/uploads\/2017\/10\/portugal_2_4.jpg\" alt=\"\" width=\"600\" height=\"450\" srcset=\"https:\/\/www.lunioncycliste31.fr\/wp-content\/uploads\/2017\/10\/portugal_2_4.jpg 600w, https:\/\/www.lunioncycliste31.fr\/wp-content\/uploads\/2017\/10\/portugal_2_4-300x225.jpg 300w\" sizes=\"auto, (max-width: 600px) 100vw, 600px\" \/> <img loading=\"lazy\" decoding=\"async\" class=\"alignnone size-full wp-image-328\" src=\"http:\/\/lunioncycliste31.fr\/wp-content\/uploads\/2017\/10\/portugal_2_8.jpg\" alt=\"\" width=\"600\" height=\"450\" srcset=\"https:\/\/www.lunioncycliste31.fr\/wp-content\/uploads\/2017\/10\/portugal_2_8.jpg 600w, https:\/\/www.lunioncycliste31.fr\/wp-content\/uploads\/2017\/10\/portugal_2_8-300x225.jpg 300w\" sizes=\"auto, (max-width: 600px) 100vw, 600px\" \/> <img loading=\"lazy\" decoding=\"async\" class=\"alignnone size-full wp-image-327\" src=\"http:\/\/lunioncycliste31.fr\/wp-content\/uploads\/2017\/10\/portugal_2_7.jpg\" alt=\"\" width=\"600\" height=\"450\" srcset=\"https:\/\/www.lunioncycliste31.fr\/wp-content\/uploads\/2017\/10\/portugal_2_7.jpg 600w, https:\/\/www.lunioncycliste31.fr\/wp-content\/uploads\/2017\/10\/portugal_2_7-300x225.jpg 300w\" sizes=\"auto, (max-width: 600px) 100vw, 600px\" \/> <img loading=\"lazy\" decoding=\"async\" class=\"alignnone size-full wp-image-326\" src=\"http:\/\/lunioncycliste31.fr\/wp-content\/uploads\/2017\/10\/portugal_2_6.jpg\" alt=\"\" width=\"600\" height=\"450\" srcset=\"https:\/\/www.lunioncycliste31.fr\/wp-content\/uploads\/2017\/10\/portugal_2_6.jpg 600w, https:\/\/www.lunioncycliste31.fr\/wp-content\/uploads\/2017\/10\/portugal_2_6-300x225.jpg 300w\" sizes=\"auto, (max-width: 600px) 100vw, 600px\" \/> <img loading=\"lazy\" decoding=\"async\" class=\"alignnone size-full wp-image-329\" src=\"http:\/\/lunioncycliste31.fr\/wp-content\/uploads\/2017\/10\/portugal_2_9.jpg\" alt=\"\" width=\"600\" height=\"450\" srcset=\"https:\/\/www.lunioncycliste31.fr\/wp-content\/uploads\/2017\/10\/portugal_2_9.jpg 600w, https:\/\/www.lunioncycliste31.fr\/wp-content\/uploads\/2017\/10\/portugal_2_9-300x225.jpg 300w\" sizes=\"auto, (max-width: 600px) 100vw, 600px\" \/> <img loading=\"lazy\" decoding=\"async\" class=\"alignnone size-full wp-image-330\" src=\"http:\/\/lunioncycliste31.fr\/wp-content\/uploads\/2017\/10\/portugal_2_10.jpg\" alt=\"\" width=\"600\" height=\"413\" srcset=\"https:\/\/www.lunioncycliste31.fr\/wp-content\/uploads\/2017\/10\/portugal_2_10.jpg 600w, https:\/\/www.lunioncycliste31.fr\/wp-content\/uploads\/2017\/10\/portugal_2_10-300x207.jpg 300w\" sizes=\"auto, (max-width: 600px) 100vw, 600px\" \/><\/p>\n","protected":false},"excerpt":{"rendered":"<p>JOUR 2 Samedi 11 juin 2016\u00a0: \u00e9tape Viseu-Covilha 96 km et D+ 2500 m &#8211; r\u00e9gion de la Beira Alta Une deuxi\u00e8me journ\u00e9e bossel\u00e9e vers le sommet du Portugal la [&hellip;]<\/p>\n","protected":false},"author":1,"featured_media":326,"comment_status":"open","ping_status":"open","sticky":false,"template":"","format":"standard","meta":{"footnotes":""},"categories":[32],"tags":[34],"class_list":["post-378","post","type-post","status-publish","format-standard","has-post-thumbnail","hentry","category-vie-du-club-2016","tag-tour-du-portugal-2016"],"_links":{"self":[{"href":"https:\/\/www.lunioncycliste31.fr\/index.php\/wp-json\/wp\/v2\/posts\/378","targetHints":{"allow":["GET"]}}],"collection":[{"href":"https:\/\/www.lunioncycliste31.fr\/index.php\/wp-json\/wp\/v2\/posts"}],"about":[{"href":"https:\/\/www.lunioncycliste31.fr\/index.php\/wp-json\/wp\/v2\/types\/post"}],"author":[{"embeddable":true,"href":"https:\/\/www.lunioncycliste31.fr\/index.php\/wp-json\/wp\/v2\/users\/1"}],"replies":[{"embeddable":true,"href":"https:\/\/www.lunioncycliste31.fr\/index.php\/wp-json\/wp\/v2\/comments?post=378"}],"version-history":[{"count":2,"href":"https:\/\/www.lunioncycliste31.fr\/index.php\/wp-json\/wp\/v2\/posts\/378\/revisions"}],"predecessor-version":[{"id":380,"href":"https:\/\/www.lunioncycliste31.fr\/index.php\/wp-json\/wp\/v2\/posts\/378\/revisions\/380"}],"wp:featuredmedia":[{"embeddable":true,"href":"https:\/\/www.lunioncycliste31.fr\/index.php\/wp-json\/wp\/v2\/media\/326"}],"wp:attachment":[{"href":"https:\/\/www.lunioncycliste31.fr\/index.php\/wp-json\/wp\/v2\/media?parent=378"}],"wp:term":[{"taxonomy":"category","embeddable":true,"href":"https:\/\/www.lunioncycliste31.fr\/index.php\/wp-json\/wp\/v2\/categories?post=378"},{"taxonomy":"post_tag","embeddable":true,"href":"https:\/\/www.lunioncycliste31.fr\/index.php\/wp-json\/wp\/v2\/tags?post=378"}],"curies":[{"name":"wp","href":"https:\/\/api.w.org\/{rel}","templated":true}]}}