{"id":526,"date":"2017-10-30T19:17:42","date_gmt":"2017-10-30T18:17:42","guid":{"rendered":"https:\/\/lunioncycliste31.fr\/?p=526"},"modified":"2017-10-30T22:24:43","modified_gmt":"2017-10-30T21:24:43","slug":"sortie-club-du-29102017","status":"publish","type":"post","link":"https:\/\/www.lunioncycliste31.fr\/index.php\/2017\/10\/30\/sortie-club-du-29102017\/","title":{"rendered":"Sortie club du 29\/10\/2017"},"content":{"rendered":"<p>Sous un ciel automnal (grisaille, vent de Nord-Ouest et temp\u00e9rature ressentie fraiche (11\u00b0c), la sortie club s\u2019est d\u00e9roul\u00e9e sur le parcours vallonn\u00e9 propos\u00e9 par Michel Viguier.<\/p>\n<p>Apr\u00e8s quelques kilom\u00e8tres, notre photographe maison Jean Marc Vacqui\u00e9 a pris une photo de groupe et en a profit\u00e9 pour nous montrer sa nouvelle lampe ultra-lumineuse.<\/p>\n<p>Les coureurs ont ensuite travers\u00e9 la for\u00eat de Buzet pour rejoindre Mezens. \u00a0Dans une bosse pr\u00e9c\u00e9dent le mur de Salvagnac, Gilles Hannon toucha une roue et se retrouva dans le foss\u00e9 (bilan de l\u2019op\u00e9ration poignet cass\u00e9 et 6 semaines d\u2019immobilisation).<\/p>\n<p>Il termina quand m\u00eame la sortie avec le reste du groupe.<\/p>\n<p>Entre Salvagnac, Tauriac, Le Born et Villemur nous avons eu un vent de Nord-Ouest de face qui a ralenti notre progression.<\/p>\n<p>Une fois \u00e0 Villemur, le vent a \u00e9t\u00e9 favorable (dans le dos) et nous avons fini le reste de la sortie (Villematier, Montjoire, Bazus, L\u2019 union) presque sur une jambe (pour certains).<\/p>\n<p>Bon r\u00e9tablissement \u00e0 Gilles et \u00e0 <span>dimanche<\/span> prochain pour la nouvelle sortie club.<\/p>\n<p><img loading=\"lazy\" decoding=\"async\" src=\"https:\/\/lunioncycliste31.fr\/wp-content\/uploads\/2017\/10\/JM.jpg.png\" alt=\"\" width=\"404\" height=\"729\" class=\"aligncenter size-full wp-image-527\" srcset=\"https:\/\/www.lunioncycliste31.fr\/wp-content\/uploads\/2017\/10\/JM.jpg.png 404w, https:\/\/www.lunioncycliste31.fr\/wp-content\/uploads\/2017\/10\/JM.jpg-166x300.png 166w\" sizes=\"auto, (max-width: 404px) 100vw, 404px\" \/> <img loading=\"lazy\" decoding=\"async\" src=\"https:\/\/lunioncycliste31.fr\/wp-content\/uploads\/2017\/10\/photo1.jpg.png\" alt=\"\" width=\"537\" height=\"736\" class=\"aligncenter size-full wp-image-528\" srcset=\"https:\/\/www.lunioncycliste31.fr\/wp-content\/uploads\/2017\/10\/photo1.jpg.png 537w, https:\/\/www.lunioncycliste31.fr\/wp-content\/uploads\/2017\/10\/photo1.jpg-219x300.png 219w\" sizes=\"auto, (max-width: 537px) 100vw, 537px\" \/> <img loading=\"lazy\" decoding=\"async\" src=\"https:\/\/lunioncycliste31.fr\/wp-content\/uploads\/2017\/10\/photo2.jpg-e1509387038972.png\" alt=\"\" width=\"600\" height=\"441\" class=\"aligncenter size-full wp-image-529\" \/><\/p>\n<p>&nbsp;<\/p>\n","protected":false},"excerpt":{"rendered":"<p>Sous un ciel automnal (grisaille, vent de Nord-Ouest et temp\u00e9rature ressentie fraiche (11\u00b0c), la sortie club s\u2019est d\u00e9roul\u00e9e sur le parcours vallonn\u00e9 propos\u00e9 par Michel Viguier. Apr\u00e8s quelques kilom\u00e8tres, notre [&hellip;]<\/p>\n","protected":false},"author":4,"featured_media":529,"comment_status":"open","ping_status":"open","sticky":false,"template":"","format":"standard","meta":{"footnotes":""},"categories":[20,21],"tags":[36],"class_list":["post-526","post","type-post","status-publish","format-standard","has-post-thumbnail","hentry","category-vie-du-club","category-vie-du-club-2017","tag-vie-du-club-2017"],"_links":{"self":[{"href":"https:\/\/www.lunioncycliste31.fr\/index.php\/wp-json\/wp\/v2\/posts\/526","targetHints":{"allow":["GET"]}}],"collection":[{"href":"https:\/\/www.lunioncycliste31.fr\/index.php\/wp-json\/wp\/v2\/posts"}],"about":[{"href":"https:\/\/www.lunioncycliste31.fr\/index.php\/wp-json\/wp\/v2\/types\/post"}],"author":[{"embeddable":true,"href":"https:\/\/www.lunioncycliste31.fr\/index.php\/wp-json\/wp\/v2\/users\/4"}],"replies":[{"embeddable":true,"href":"https:\/\/www.lunioncycliste31.fr\/index.php\/wp-json\/wp\/v2\/comments?post=526"}],"version-history":[{"count":3,"href":"https:\/\/www.lunioncycliste31.fr\/index.php\/wp-json\/wp\/v2\/posts\/526\/revisions"}],"predecessor-version":[{"id":532,"href":"https:\/\/www.lunioncycliste31.fr\/index.php\/wp-json\/wp\/v2\/posts\/526\/revisions\/532"}],"wp:featuredmedia":[{"embeddable":true,"href":"https:\/\/www.lunioncycliste31.fr\/index.php\/wp-json\/wp\/v2\/media\/529"}],"wp:attachment":[{"href":"https:\/\/www.lunioncycliste31.fr\/index.php\/wp-json\/wp\/v2\/media?parent=526"}],"wp:term":[{"taxonomy":"category","embeddable":true,"href":"https:\/\/www.lunioncycliste31.fr\/index.php\/wp-json\/wp\/v2\/categories?post=526"},{"taxonomy":"post_tag","embeddable":true,"href":"https:\/\/www.lunioncycliste31.fr\/index.php\/wp-json\/wp\/v2\/tags?post=526"}],"curies":[{"name":"wp","href":"https:\/\/api.w.org\/{rel}","templated":true}]}}