{"id":774,"date":"2018-01-04T18:48:55","date_gmt":"2018-01-04T17:48:55","guid":{"rendered":"https:\/\/lunioncycliste31.fr\/?p=774"},"modified":"2018-01-04T18:48:55","modified_gmt":"2018-01-04T17:48:55","slug":"cyclo-cross-de-fonbeauzard-le-30-12-17-fsgt","status":"publish","type":"post","link":"https:\/\/www.lunioncycliste31.fr\/index.php\/2018\/01\/04\/cyclo-cross-de-fonbeauzard-le-30-12-17-fsgt\/","title":{"rendered":"Cyclo-cross de Fonbeauzard le 30\/12\/17 FSGT"},"content":{"rendered":"<p>En cette veille de la Saint Sylvestre, 40 coureurs s&rsquo;\u00e9taient donn\u00e9s rendez-vous sur le circuit de Fonbeauzard. Les coureurs Junior FFC de Castelsarrasin avaient fait le d\u00e9placement pour peaufiner leur condition en vue des championnats de France de Quelneuc le 14 janvier. D\u00e8s le d\u00e9part Th\u00e9o Delmas se d\u00e9tachait et faisait cavalier seul jusqu&rsquo;\u00e0 l&rsquo;arriv\u00e9e.<\/p>\n<p>Derri\u00e8re, les 2 coureurs de l&rsquo;UC31 prenaient un d\u00e9part moyen : 8 \u00e8me pour Pierre-Mathieu et 13 \u00e8me pour Jean-Olivier.<\/p>\n<p><img loading=\"lazy\" decoding=\"async\" src=\"https:\/\/lunioncycliste31.fr\/wp-content\/uploads\/2018\/01\/img_8043-300x200.jpg\" alt=\"\" width=\"300\" height=\"200\" class=\"alignnone size-medium wp-image-776\" srcset=\"https:\/\/www.lunioncycliste31.fr\/wp-content\/uploads\/2018\/01\/img_8043-300x200.jpg 300w, https:\/\/www.lunioncycliste31.fr\/wp-content\/uploads\/2018\/01\/img_8043-360x240.jpg 360w, https:\/\/www.lunioncycliste31.fr\/wp-content\/uploads\/2018\/01\/img_8043.jpg 640w\" sizes=\"auto, (max-width: 300px) 100vw, 300px\" \/><\/p>\n<p>Victime d&rsquo;un saut de cha\u00eene \u00e0 la fin du premier tour, Pierre-Mathieu repartait du fond du peloton pour effectuer une belle remont\u00e9e jusqu&rsquo;\u00e0 la 12 \u00e8me place.<\/p>\n<p><img loading=\"lazy\" decoding=\"async\" src=\"https:\/\/lunioncycliste31.fr\/wp-content\/uploads\/2018\/01\/img_8506-300x200.jpg\" alt=\"\" width=\"300\" height=\"200\" class=\"alignnone size-medium wp-image-779\" srcset=\"https:\/\/www.lunioncycliste31.fr\/wp-content\/uploads\/2018\/01\/img_8506-300x200.jpg 300w, https:\/\/www.lunioncycliste31.fr\/wp-content\/uploads\/2018\/01\/img_8506-360x240.jpg 360w, https:\/\/www.lunioncycliste31.fr\/wp-content\/uploads\/2018\/01\/img_8506.jpg 640w\" sizes=\"auto, (max-width: 300px) 100vw, 300px\" \/><\/p>\n<p>En bataille dans le dernier tour avec Viviane Rognant, Championne du Monde Master 2018, il ne pouvait la d\u00e9passer dans la derni\u00e8re ligne droite. Sacr\u00e9e comp\u00e9titrice !<\/p>\n<p><img loading=\"lazy\" decoding=\"async\" src=\"https:\/\/lunioncycliste31.fr\/wp-content\/uploads\/2018\/01\/img_8588-300x200.jpg\" alt=\"\" width=\"300\" height=\"200\" class=\"alignnone size-medium wp-image-780\" srcset=\"https:\/\/www.lunioncycliste31.fr\/wp-content\/uploads\/2018\/01\/img_8588-300x200.jpg 300w, https:\/\/www.lunioncycliste31.fr\/wp-content\/uploads\/2018\/01\/img_8588-360x240.jpg 360w, https:\/\/www.lunioncycliste31.fr\/wp-content\/uploads\/2018\/01\/img_8588.jpg 640w\" sizes=\"auto, (max-width: 300px) 100vw, 300px\" \/><\/p>\n<p>Jean-Olivier quand \u00e0 lui remontait au fil des tours plusieurs coureurs partis plus rapidement pour finir \u00e0 une satisfaisante 6 \u00e8me place, laissant \u00e0 bonne distance les 2 coureurs de Camarde (Dandine et Andrieu).<\/p>\n<p><img loading=\"lazy\" decoding=\"async\" src=\"https:\/\/lunioncycliste31.fr\/wp-content\/uploads\/2018\/01\/img_8264-300x200.jpg\" alt=\"\" width=\"300\" height=\"200\" class=\"alignnone size-medium wp-image-778\" srcset=\"https:\/\/www.lunioncycliste31.fr\/wp-content\/uploads\/2018\/01\/img_8264-300x200.jpg 300w, https:\/\/www.lunioncycliste31.fr\/wp-content\/uploads\/2018\/01\/img_8264-360x240.jpg 360w, https:\/\/www.lunioncycliste31.fr\/wp-content\/uploads\/2018\/01\/img_8264.jpg 640w\" sizes=\"auto, (max-width: 300px) 100vw, 300px\" \/><\/p>\n<p>Les r\u00e9sultats complets :\u00a0<a href=\"http:\/\/cyclismefsgt31.fr\/cyclo-cross\/resultats-cyclo-cross\/260-resultats-cyclo-cross-de-fonbeauzard-dimanche-31-decembre\">http:\/\/cyclismefsgt31.fr\/cyclo-cross\/resultats-cyclo-cross\/260-resultats-cyclo-cross-de-fonbeauzard-dimanche-31-decembre<\/a><\/p>\n<p>&nbsp;<\/p>\n","protected":false},"excerpt":{"rendered":"<p>En cette veille de la Saint Sylvestre, 40 coureurs s&rsquo;\u00e9taient donn\u00e9s rendez-vous sur le circuit de Fonbeauzard. Les coureurs Junior FFC de Castelsarrasin avaient fait le d\u00e9placement pour peaufiner leur [&hellip;]<\/p>\n","protected":false},"author":9,"featured_media":775,"comment_status":"open","ping_status":"open","sticky":false,"template":"","format":"standard","meta":{"footnotes":""},"categories":[9,10],"tags":[],"class_list":["post-774","post","type-post","status-publish","format-standard","has-post-thumbnail","hentry","category-cyclo-cross","category-cyclo-cross-2017"],"_links":{"self":[{"href":"https:\/\/www.lunioncycliste31.fr\/index.php\/wp-json\/wp\/v2\/posts\/774","targetHints":{"allow":["GET"]}}],"collection":[{"href":"https:\/\/www.lunioncycliste31.fr\/index.php\/wp-json\/wp\/v2\/posts"}],"about":[{"href":"https:\/\/www.lunioncycliste31.fr\/index.php\/wp-json\/wp\/v2\/types\/post"}],"author":[{"embeddable":true,"href":"https:\/\/www.lunioncycliste31.fr\/index.php\/wp-json\/wp\/v2\/users\/9"}],"replies":[{"embeddable":true,"href":"https:\/\/www.lunioncycliste31.fr\/index.php\/wp-json\/wp\/v2\/comments?post=774"}],"version-history":[{"count":2,"href":"https:\/\/www.lunioncycliste31.fr\/index.php\/wp-json\/wp\/v2\/posts\/774\/revisions"}],"predecessor-version":[{"id":782,"href":"https:\/\/www.lunioncycliste31.fr\/index.php\/wp-json\/wp\/v2\/posts\/774\/revisions\/782"}],"wp:featuredmedia":[{"embeddable":true,"href":"https:\/\/www.lunioncycliste31.fr\/index.php\/wp-json\/wp\/v2\/media\/775"}],"wp:attachment":[{"href":"https:\/\/www.lunioncycliste31.fr\/index.php\/wp-json\/wp\/v2\/media?parent=774"}],"wp:term":[{"taxonomy":"category","embeddable":true,"href":"https:\/\/www.lunioncycliste31.fr\/index.php\/wp-json\/wp\/v2\/categories?post=774"},{"taxonomy":"post_tag","embeddable":true,"href":"https:\/\/www.lunioncycliste31.fr\/index.php\/wp-json\/wp\/v2\/tags?post=774"}],"curies":[{"name":"wp","href":"https:\/\/api.w.org\/{rel}","templated":true}]}}