{"id":904,"date":"2018-03-04T19:59:11","date_gmt":"2018-03-04T18:59:11","guid":{"rendered":"https:\/\/lunioncycliste31.fr\/?p=904"},"modified":"2018-03-04T20:04:06","modified_gmt":"2018-03-04T19:04:06","slug":"la-jacques-gouin-2018","status":"publish","type":"post","link":"https:\/\/www.lunioncycliste31.fr\/index.php\/2018\/03\/04\/la-jacques-gouin-2018\/","title":{"rendered":"La Jacques Gouin 2018"},"content":{"rendered":"<p>Le premier dimanche de mars ouvre la saison des Cyclo sportives. Cette \u00e9dition mettait \u00e0 l&rsquo;honneur la Belgique. Sp\u00e9cialit\u00e9s Belges au menu mais aussi la pluie&#8230; Pour une fois le vent \u00e9tait plus cl\u00e9ment que d&rsquo;habitude.<\/p>\n<p>Claude notre repr\u00e9sentant, fid\u00e8le de l&rsquo;\u00e9preuve, a pu appr\u00e9cier les conditions climatiques, mais \u00e9galement les dommages collat\u00e9raux&#8230; Un crevaison en fin de parcours l&rsquo;oblige \u00e0 s&rsquo;arr\u00eater \u00e0 12 kms de l&rsquo;arriv\u00e9e pour regonfler et mettre une bombe de produit \u00ab\u00a0magique\u00a0\u00bb&#8230; bon pas si magique Claude finira quasiment \u00e0 plat&#8230;<\/p>\n<p>Mais notre valeureux gaillard, flahute pour rester dans le ton fini sur le podium de sa cat\u00e9gorie 3\u00e8me !!!<\/p>\n<p>&nbsp;<\/p>\n<h3><strong>Bravo Claude pour ce premier podium de la saison !!!<\/strong><\/h3>\n<p><a href=\"http:\/\/jacquesgouin.blogspot.fr\/p\/acceuil.html\"><img loading=\"lazy\" decoding=\"async\" src=\"https:\/\/lunioncycliste31.fr\/wp-content\/uploads\/2018\/03\/LA-JACQUES-GOUIN-2018-1024x324.jpg\" alt=\"\" width=\"750\" height=\"237\" class=\"aligncenter size-large wp-image-905\" srcset=\"https:\/\/www.lunioncycliste31.fr\/wp-content\/uploads\/2018\/03\/LA-JACQUES-GOUIN-2018-1024x324.jpg 1024w, https:\/\/www.lunioncycliste31.fr\/wp-content\/uploads\/2018\/03\/LA-JACQUES-GOUIN-2018-300x95.jpg 300w, https:\/\/www.lunioncycliste31.fr\/wp-content\/uploads\/2018\/03\/LA-JACQUES-GOUIN-2018-768x243.jpg 768w, https:\/\/www.lunioncycliste31.fr\/wp-content\/uploads\/2018\/03\/LA-JACQUES-GOUIN-2018.jpg 1120w\" sizes=\"auto, (max-width: 750px) 100vw, 750px\" \/><\/a><\/p>\n","protected":false},"excerpt":{"rendered":"<p>Le premier dimanche de mars ouvre la saison des Cyclo sportives. Cette \u00e9dition mettait \u00e0 l&rsquo;honneur la Belgique. Sp\u00e9cialit\u00e9s Belges au menu mais aussi la pluie&#8230; Pour une fois le [&hellip;]<\/p>\n","protected":false},"author":1,"featured_media":907,"comment_status":"open","ping_status":"open","sticky":false,"template":"","format":"standard","meta":{"footnotes":""},"categories":[12,41],"tags":[],"class_list":["post-904","post","type-post","status-publish","format-standard","has-post-thumbnail","hentry","category-cyclosportive","category-cyclosportives-2018"],"_links":{"self":[{"href":"https:\/\/www.lunioncycliste31.fr\/index.php\/wp-json\/wp\/v2\/posts\/904","targetHints":{"allow":["GET"]}}],"collection":[{"href":"https:\/\/www.lunioncycliste31.fr\/index.php\/wp-json\/wp\/v2\/posts"}],"about":[{"href":"https:\/\/www.lunioncycliste31.fr\/index.php\/wp-json\/wp\/v2\/types\/post"}],"author":[{"embeddable":true,"href":"https:\/\/www.lunioncycliste31.fr\/index.php\/wp-json\/wp\/v2\/users\/1"}],"replies":[{"embeddable":true,"href":"https:\/\/www.lunioncycliste31.fr\/index.php\/wp-json\/wp\/v2\/comments?post=904"}],"version-history":[{"count":2,"href":"https:\/\/www.lunioncycliste31.fr\/index.php\/wp-json\/wp\/v2\/posts\/904\/revisions"}],"predecessor-version":[{"id":909,"href":"https:\/\/www.lunioncycliste31.fr\/index.php\/wp-json\/wp\/v2\/posts\/904\/revisions\/909"}],"wp:featuredmedia":[{"embeddable":true,"href":"https:\/\/www.lunioncycliste31.fr\/index.php\/wp-json\/wp\/v2\/media\/907"}],"wp:attachment":[{"href":"https:\/\/www.lunioncycliste31.fr\/index.php\/wp-json\/wp\/v2\/media?parent=904"}],"wp:term":[{"taxonomy":"category","embeddable":true,"href":"https:\/\/www.lunioncycliste31.fr\/index.php\/wp-json\/wp\/v2\/categories?post=904"},{"taxonomy":"post_tag","embeddable":true,"href":"https:\/\/www.lunioncycliste31.fr\/index.php\/wp-json\/wp\/v2\/tags?post=904"}],"curies":[{"name":"wp","href":"https:\/\/api.w.org\/{rel}","templated":true}]}}