{"id":911,"date":"2018-03-06T22:48:33","date_gmt":"2018-03-06T21:48:33","guid":{"rendered":"https:\/\/lunioncycliste31.fr\/?p=911"},"modified":"2018-03-06T22:52:48","modified_gmt":"2018-03-06T21:52:48","slug":"victoire-de-pierre-mathieu-en-ffc-cournon-63","status":"publish","type":"post","link":"https:\/\/www.lunioncycliste31.fr\/index.php\/2018\/03\/06\/victoire-de-pierre-mathieu-en-ffc-cournon-63\/","title":{"rendered":"Victoire de Pierre-Mathieu en FFC &#8211; COURNON (63)"},"content":{"rendered":"<p>Une victoire prometteuse pour Pierre-Mathieu&#8230; Mais si ce petit jeune qui nous fait souffrir quand il passe \u00e0 l&rsquo;Union et vient rouler (voler ?) avec nous. Il a \u00e9t\u00e9 form\u00e9 dans nos roues&#8230;<\/p>\n<p>Il a d\u00e9laiss\u00e9 la boue hivernale, pour les routes d\u00e9tremp\u00e9es du centre de la France, o\u00f9 il poursuit ses \u00e9tudes.<\/p>\n<p>Lors du\u00a0PRIX AUTO-PI\u00c8CES \u00e0 COURNON (63) plusieurs attaques rendent la courses rapide. Une \u00e9chapp\u00e9e prend le large. A ce moment Pierre-Mathieu \u00e0 su partir en contre et rattraper les 3 \u00e9chapp\u00e9s. Ils seront rejoint un peu plus loin par 2 autres coureurs partis en contre. L&rsquo;entente est bonne et les 7 protagonistes se pr\u00e9sentent group\u00e9s pour la victoire. PM r\u00e8gle le groupe au terme d&rsquo;un sprint rageur signant sa premi\u00e8re victoire de l&rsquo;ann\u00e9e en 3\u00e8me cat\u00e9gorie FFC.<\/p>\n<p>BRAVO !!! cette victoire en appelle d&rsquo;autre.<\/p>\n<p><img loading=\"lazy\" decoding=\"async\" src=\"https:\/\/lunioncycliste31.fr\/wp-content\/uploads\/2018\/03\/Cournon-2-1024x682.jpg\" alt=\"\" width=\"750\" height=\"500\" class=\"aligncenter size-large wp-image-913\" srcset=\"https:\/\/www.lunioncycliste31.fr\/wp-content\/uploads\/2018\/03\/Cournon-2.jpg 1024w, https:\/\/www.lunioncycliste31.fr\/wp-content\/uploads\/2018\/03\/Cournon-2-300x200.jpg 300w, https:\/\/www.lunioncycliste31.fr\/wp-content\/uploads\/2018\/03\/Cournon-2-768x512.jpg 768w, https:\/\/www.lunioncycliste31.fr\/wp-content\/uploads\/2018\/03\/Cournon-2-360x240.jpg 360w\" sizes=\"auto, (max-width: 750px) 100vw, 750px\" \/> <img loading=\"lazy\" decoding=\"async\" src=\"https:\/\/lunioncycliste31.fr\/wp-content\/uploads\/2018\/03\/Cournon-1-1024x682.jpg\" alt=\"\" width=\"750\" height=\"500\" class=\"aligncenter size-large wp-image-912\" srcset=\"https:\/\/www.lunioncycliste31.fr\/wp-content\/uploads\/2018\/03\/Cournon-1.jpg 1024w, https:\/\/www.lunioncycliste31.fr\/wp-content\/uploads\/2018\/03\/Cournon-1-300x200.jpg 300w, https:\/\/www.lunioncycliste31.fr\/wp-content\/uploads\/2018\/03\/Cournon-1-768x512.jpg 768w, https:\/\/www.lunioncycliste31.fr\/wp-content\/uploads\/2018\/03\/Cournon-1-360x240.jpg 360w\" sizes=\"auto, (max-width: 750px) 100vw, 750px\" \/><\/p>\n<p><a href=\"http:\/\/www.veloracingnews.fr\/amateurs\/cournon-63-prix-auto-pieces-pierre-mathieu-pellier-usp-issoire-meilleur-finisseur\/\">http:\/\/www.veloracingnews.fr\/amateurs\/cournon-63-prix-auto-pieces-pierre-mathieu-pellier-usp-issoire-meilleur-finisseur\/<\/a><\/p>\n","protected":false},"excerpt":{"rendered":"<p>Une victoire prometteuse pour Pierre-Mathieu&#8230; Mais si ce petit jeune qui nous fait souffrir quand il passe \u00e0 l&rsquo;Union et vient rouler (voler ?) avec nous. Il a \u00e9t\u00e9 form\u00e9 [&hellip;]<\/p>\n","protected":false},"author":1,"featured_media":915,"comment_status":"open","ping_status":"open","sticky":false,"template":"","format":"standard","meta":{"footnotes":""},"categories":[3,39],"tags":[],"class_list":["post-911","post","type-post","status-publish","format-standard","has-post-thumbnail","hentry","category-courses","category-courses-2018"],"_links":{"self":[{"href":"https:\/\/www.lunioncycliste31.fr\/index.php\/wp-json\/wp\/v2\/posts\/911","targetHints":{"allow":["GET"]}}],"collection":[{"href":"https:\/\/www.lunioncycliste31.fr\/index.php\/wp-json\/wp\/v2\/posts"}],"about":[{"href":"https:\/\/www.lunioncycliste31.fr\/index.php\/wp-json\/wp\/v2\/types\/post"}],"author":[{"embeddable":true,"href":"https:\/\/www.lunioncycliste31.fr\/index.php\/wp-json\/wp\/v2\/users\/1"}],"replies":[{"embeddable":true,"href":"https:\/\/www.lunioncycliste31.fr\/index.php\/wp-json\/wp\/v2\/comments?post=911"}],"version-history":[{"count":1,"href":"https:\/\/www.lunioncycliste31.fr\/index.php\/wp-json\/wp\/v2\/posts\/911\/revisions"}],"predecessor-version":[{"id":914,"href":"https:\/\/www.lunioncycliste31.fr\/index.php\/wp-json\/wp\/v2\/posts\/911\/revisions\/914"}],"wp:featuredmedia":[{"embeddable":true,"href":"https:\/\/www.lunioncycliste31.fr\/index.php\/wp-json\/wp\/v2\/media\/915"}],"wp:attachment":[{"href":"https:\/\/www.lunioncycliste31.fr\/index.php\/wp-json\/wp\/v2\/media?parent=911"}],"wp:term":[{"taxonomy":"category","embeddable":true,"href":"https:\/\/www.lunioncycliste31.fr\/index.php\/wp-json\/wp\/v2\/categories?post=911"},{"taxonomy":"post_tag","embeddable":true,"href":"https:\/\/www.lunioncycliste31.fr\/index.php\/wp-json\/wp\/v2\/tags?post=911"}],"curies":[{"name":"wp","href":"https:\/\/api.w.org\/{rel}","templated":true}]}}